{"id":2821,"date":"2018-11-01T09:54:49","date_gmt":"2018-11-01T12:54:49","guid":{"rendered":"https:\/\/etecirmaagostina.com.br\/?p=2821"},"modified":"2018-12-07T10:06:28","modified_gmt":"2018-12-07T12:06:28","slug":"vagas-remanescentes-2019","status":"publish","type":"post","link":"https:\/\/etecia.com.br\/?p=2821","title":{"rendered":"Vagas Remanescentes &#8211; 2019"},"content":{"rendered":"<div class=\"gridContainer\">\n<p>Publicado edital do processo de vagas remanescentes para o primeiro semestre de 2019.<\/p>\n<\/div>\n\n<div class=\"gridContainer\">\n<p>Nesse semestre, estar\u00e3o dispon\u00edveis vagas para os terceiros m\u00f3dulos de administra\u00e7\u00e3o, qu\u00edmica, nutri\u00e7\u00e3o e secretariado, bem como para o segundo ano do ETIM de Nutri\u00e7\u00e3o e Diet\u00e9tica.<\/p>\n<\/div>\n\n<div class=\"gridContainer\">\n<p>As inscri\u00e7\u00f5es v\u00e3o de 01 a 30 de novembro. Veja todas as informa\u00e7\u00f5es nos editais a seguir.<\/p>\n<\/div>\n\n<div class=\"gridContainer\">\n<ul><li><a href=\"http:\/\/etecia.com.br\/wp-content\/uploads\/2018\/11\/Edital-006-VR-Qu\u00edm_1_2019.pdf\" target=\"_blank\" class=\"broken_link\">Edital 006 &#8211; T\u00e9cnico em Qu\u00edmica<\/a><\/li><li><a href=\"http:\/\/etecia.com.br\/wp-content\/uploads\/2018\/11\/Edital-007VR-Nutri\u00e7\u00e3o_1_2019.pdf\" target=\"_blank\" class=\"broken_link\">Edital 007 &#8211; T\u00e9cnico em Nutri\u00e7\u00e3o<\/a><\/li><li><a href=\"http:\/\/etecia.com.br\/wp-content\/uploads\/2018\/11\/Edital-008-VR-Secretariado_1_2019.pdf\" target=\"_blank\" class=\"broken_link\">Edital 008 &#8211; T\u00e9cnico em Secretariado<\/a><\/li><li><a href=\"http:\/\/etecia.com.br\/wp-content\/uploads\/2018\/11\/Edital-009-Vagas-Remanescentes-ADM.pdf\" target=\"_blank\" rel=\"noopener\" class=\"broken_link\">Edital 009 &#8211; T\u00e9cnico em Administra\u00e7\u00e3o<\/a><\/li><li><a href=\"http:\/\/etecia.com.br\/wp-content\/uploads\/2018\/11\/Edital-010-Vagas-Remanescentes-Etim_Nutri\u00e7\u00e3o.pdf\" target=\"_blank\" rel=\"noopener\" class=\"broken_link\">Edital 010 &#8211; ETIM de Nutri\u00e7\u00e3o e Diet\u00e9tica<\/a><\/li><\/ul>\n<\/div>\n\n<div class=\"gridContainer\">\n<p>Veja o resultado da prova escrita <a href=\"http:\/\/etecia.com.br\/resultado-da-prova-teorica-de-vagas-remanescentes-2019-1\/\" class=\"broken_link\">clicando aqui<\/a>.<\/p>\n<\/div>","protected":false},"excerpt":{"rendered":"<p>Publicado edital do processo de vagas remanescentes para o primeiro semestre de 2019. Nesse semestre, estar\u00e3o dispon\u00edveis vagas para os terceiros m\u00f3dulos de administra\u00e7\u00e3o, qu\u00edmica, nutri\u00e7\u00e3o e secretariado, bem como para o segundo ano do ETIM de Nutri\u00e7\u00e3o e Diet\u00e9tica. As inscri\u00e7\u00f5es v\u00e3o de 01 a 30 de novembro. Veja todas as informa\u00e7\u00f5es nos editais&nbsp;&hellip;<\/p>\n","protected":false},"author":1,"featured_media":0,"comment_status":"open","ping_status":"open","sticky":false,"template":"","format":"standard","meta":[],"categories":[2,1],"tags":[],"_links":{"self":[{"href":"https:\/\/etecia.com.br\/index.php?rest_route=\/wp\/v2\/posts\/2821"}],"collection":[{"href":"https:\/\/etecia.com.br\/index.php?rest_route=\/wp\/v2\/posts"}],"about":[{"href":"https:\/\/etecia.com.br\/index.php?rest_route=\/wp\/v2\/types\/post"}],"author":[{"embeddable":true,"href":"https:\/\/etecia.com.br\/index.php?rest_route=\/wp\/v2\/users\/1"}],"replies":[{"embeddable":true,"href":"https:\/\/etecia.com.br\/index.php?rest_route=%2Fwp%2Fv2%2Fcomments&post=2821"}],"version-history":[{"count":5,"href":"https:\/\/etecia.com.br\/index.php?rest_route=\/wp\/v2\/posts\/2821\/revisions"}],"predecessor-version":[{"id":2878,"href":"https:\/\/etecia.com.br\/index.php?rest_route=\/wp\/v2\/posts\/2821\/revisions\/2878"}],"wp:attachment":[{"href":"https:\/\/etecia.com.br\/index.php?rest_route=%2Fwp%2Fv2%2Fmedia&parent=2821"}],"wp:term":[{"taxonomy":"category","embeddable":true,"href":"https:\/\/etecia.com.br\/index.php?rest_route=%2Fwp%2Fv2%2Fcategories&post=2821"},{"taxonomy":"post_tag","embeddable":true,"href":"https:\/\/etecia.com.br\/index.php?rest_route=%2Fwp%2Fv2%2Ftags&post=2821"}],"curies":[{"name":"wp","href":"https:\/\/api.w.org\/{rel}","templated":true}]}}