{"id":2725,"date":"2018-07-13T16:32:54","date_gmt":"2018-07-13T19:32:54","guid":{"rendered":"https:\/\/etecirmaagostina.com.br\/?p=2725"},"modified":"2018-07-19T10:53:51","modified_gmt":"2018-07-19T13:53:51","slug":"lista-dos-aprovados-no-vestibulinho-2018-2o-semestre","status":"publish","type":"post","link":"https:\/\/etecia.com.br\/?p=2725","title":{"rendered":"Lista dos Aprovados no Vestibulinho 2018 &#8211; 2o Semestre"},"content":{"rendered":"<p style=\"color: #5c5c5c;\">Foi divulgada a lista de classifica\u00e7\u00e3o do vestibulinho para o segundo semestre de 2018 para os cursos t\u00e9cnicos noturno.<\/p>\n<p style=\"color: #5c5c5c;\"><strong>Orienta\u00e7\u00f5es sobre a matr\u00edcula<\/strong><\/p>\n<p style=\"color: #5c5c5c;\"><strong>Hor\u00e1rio:<\/strong>\u00a0as matr\u00edculas devem ser realizadas de segunda a sexta das\u00a0<strong>14:00\u00a0\u00e0s 19:00<\/strong>\u00a0na secretaria acad\u00eamica da ETEC Irm\u00e3 Agostina (Rua Feliciano Correia, s\/n Cidade Dutra).<\/p>\n<p><span style=\"color: #000000;\"><strong>Agendamento<\/strong>: para agilizar o atendimento, agende a sua matr\u00edcula em\u00a0<span style=\"text-decoration: underline;\"><a href=\"http:\/\/etecia.com.br\/matricula\" target=\"_blank\" rel=\"noopener\">etecia.com.br\/matricula<\/a><\/span>.<\/span><\/p>\n<p style=\"color: #5c5c5c;\"><strong>Aprovados:<\/strong>\u00a0S\u00e3o considerados aprovados os alunos melhores classificados de acordo com a quantidade de vagas no curso. Para verificar se voc\u00ea est\u00e1 aprovado, verifique se seu nome aparece na lista no link abaixo. Voc\u00ea pode ainda ser convocado para as pr\u00f3ximas chamadas de acordo com cronograma a seguir:<\/p>\n<ul style=\"color: #5c5c5c;\">\n<li>17 e 18\/07: primeira chamada ( <span style=\"text-decoration: underline;\"><a href=\"http:\/\/etecia.com.br\/wp-content\/uploads\/2018\/07\/1a-Lista-Completa.pdf\" target=\"_blank\" rel=\"noopener\" class=\"broken_link\">1a lista de convoca\u00e7\u00e3o para matr\u00edcula<\/a><\/span> )<\/li>\n<li>19 e 20\/07: segunda chamada\u00a0( <span style=\"text-decoration: underline;\"><a href=\"http:\/\/etecia.com.br\/wp-content\/uploads\/2018\/07\/2a-Lista-Completa.pdf\" target=\"_blank\" rel=\"noopener\" class=\"broken_link\">2a lista de convoca\u00e7\u00e3o para matr\u00edcula<\/a><\/span> )<\/li>\n<\/ul>\n<p style=\"color: #5c5c5c;\">As listas estar\u00e3o dispon\u00edveis nesse site e nos murais da ETEC Irm\u00e3 Agostina<\/p>\n<p>As matr\u00edculas da classe descentralizada CEU Vila Rubi tamb\u00e9m ser\u00e3o realizadas na secretaria da ETEC Irm\u00e3 Agostina.<\/p>\n<p style=\"color: #5c5c5c;\"><strong>Documentos:\u00a0<\/strong>para efetivar a matr\u00edcula o aluno deve apresentar os seguintes documentos:<\/p>\n<ul style=\"color: #5c5c5c;\">\n<li>C\u00f3pia e original de documento de identidade (RG)<\/li>\n<li>C\u00f3pia e original do CPF<\/li>\n<li>1 foto 3&#215;4 recente<\/li>\n<li>Se o candidato declarou ter estudado em escola p\u00fablica deve apresentar documento que comprove essa informa\u00e7\u00e3o (hist\u00f3rico escolar ou declara\u00e7\u00e3o)<\/li>\n<li>Para ingressantes do Curso T\u00e9cnico, comprovante de conclus\u00e3o do ensino m\u00e9dio ou declara\u00e7\u00e3o de matr\u00edcula no 2o ou 3o ano do ensino m\u00e9dio.<\/li>\n<\/ul>\n<p style=\"color: #5c5c5c;\"><strong>Observa\u00e7\u00f5es:<\/strong><\/p>\n<p style=\"color: #5c5c5c;\"><span style=\"color: black;\">Se impossibilitado de comparecer para realizar a matr\u00edcula<\/span><span style=\"font-weight: normal; color: black;\">, o candidato\u00a0poder\u00e1 indicar um representante, portando uma procura\u00e7\u00e3o simples, juntamente com os documentos exigidos. Nesse caso, a Etec Irm\u00e3 Agostina n\u00e3o se responsabilizar\u00e1, todavia, por eventuais erros cometidos no preenchimento do requerimento de matr\u00edcula.<\/span><\/p>\n<p style=\"color: #5c5c5c;\"><strong><span style=\"color: black;\">N\u00e3o haver\u00e1, em hip\u00f3tese alguma, matr\u00edcula condicional<\/span><\/strong><span style=\"font-weight: normal; color: black;\">, conforme o Regimento Comum das Escolas T\u00e9cnicas do Centro Estadual de Educa\u00e7\u00e3o Tecnol\u00f3gica \u201cPaula Souza\u201d. N\u00e3o ser\u00e3o aceitas matr\u00edculas com falta de documentos.<\/span><\/p>\n<p style=\"color: #5c5c5c;\">Recomenda-se a leitura da portaria CEETEPS com todas as informa\u00e7\u00f5es do processo do Vestibulinho, dispon\u00edvel no site vestibulinhoetec.com.br<\/p>\n","protected":false},"excerpt":{"rendered":"<p>Foi divulgada a lista de classifica\u00e7\u00e3o do vestibulinho para o segundo semestre de 2018 para os cursos t\u00e9cnicos noturno. Orienta\u00e7\u00f5es sobre a matr\u00edcula Hor\u00e1rio:\u00a0as matr\u00edculas devem ser realizadas de segunda a sexta das\u00a014:00\u00a0\u00e0s 19:00\u00a0na secretaria acad\u00eamica da ETEC Irm\u00e3 Agostina (Rua Feliciano Correia, s\/n Cidade Dutra). Agendamento: para agilizar o atendimento, agende a sua matr\u00edcula&nbsp;&hellip;<\/p>\n","protected":false},"author":1,"featured_media":0,"comment_status":"open","ping_status":"open","sticky":false,"template":"","format":"standard","meta":[],"categories":[2],"tags":[],"_links":{"self":[{"href":"https:\/\/etecia.com.br\/index.php?rest_route=\/wp\/v2\/posts\/2725"}],"collection":[{"href":"https:\/\/etecia.com.br\/index.php?rest_route=\/wp\/v2\/posts"}],"about":[{"href":"https:\/\/etecia.com.br\/index.php?rest_route=\/wp\/v2\/types\/post"}],"author":[{"embeddable":true,"href":"https:\/\/etecia.com.br\/index.php?rest_route=\/wp\/v2\/users\/1"}],"replies":[{"embeddable":true,"href":"https:\/\/etecia.com.br\/index.php?rest_route=%2Fwp%2Fv2%2Fcomments&post=2725"}],"version-history":[{"count":3,"href":"https:\/\/etecia.com.br\/index.php?rest_route=\/wp\/v2\/posts\/2725\/revisions"}],"predecessor-version":[{"id":2732,"href":"https:\/\/etecia.com.br\/index.php?rest_route=\/wp\/v2\/posts\/2725\/revisions\/2732"}],"wp:attachment":[{"href":"https:\/\/etecia.com.br\/index.php?rest_route=%2Fwp%2Fv2%2Fmedia&parent=2725"}],"wp:term":[{"taxonomy":"category","embeddable":true,"href":"https:\/\/etecia.com.br\/index.php?rest_route=%2Fwp%2Fv2%2Fcategories&post=2725"},{"taxonomy":"post_tag","embeddable":true,"href":"https:\/\/etecia.com.br\/index.php?rest_route=%2Fwp%2Fv2%2Ftags&post=2725"}],"curies":[{"name":"wp","href":"https:\/\/api.w.org\/{rel}","templated":true}]}}