{"id":2700,"date":"2018-06-07T16:27:38","date_gmt":"2018-06-07T19:27:38","guid":{"rendered":"https:\/\/etecirmaagostina.com.br\/?p=2700"},"modified":"2018-06-07T16:27:38","modified_gmt":"2018-06-07T19:27:38","slug":"aviso-e-resultado-do-processo-seletivo-238-01-2018-de-29-03-2018","status":"publish","type":"post","link":"https:\/\/etecia.com.br\/?p=2700","title":{"rendered":"Aviso e Resultado do Processo Seletivo 238\/01\/2018 de 29\/03\/2018"},"content":{"rendered":"<p><strong>AVISO DE RESULTADO DA AULA TESTE E CLASSIFICA\u00c7\u00c3O FINAL<\/strong><\/p>\n<p>O Diretor de Escola T\u00e9cnica da ETEC Irm\u00e3 Agostina, faz saber aos candidatos abaixo relacionados o resultado da AULA TESTE e CLASSIFICA\u00c7\u00c3O FINAL.<\/p>\n<p>&nbsp;<\/p>\n<ol>\n<li><strong> Componente curricular: C\u00e1lculos Financeiros.<\/strong><\/li>\n<\/ol>\n<p><strong>\u00a0\u00a0\u00a0\u00a0\u00a0\u00a0\u00a0\u00a0\u00a0\u00a0\u00a0 <\/strong>Candidato(s) Aprovado(s)<\/p>\n<p>N\u00ba de Inscri\u00e7\u00e3o\/ Nome\/ RG\/ CPF\/ Nota\/ Classifica\u00e7\u00e3o Final<\/p>\n<p><strong>&#8211; Licenciado<\/strong><\/p>\n<p>03\/Allan Ara\u00fajo Coelho\/RG.35.878.913-8\/CPF.364.643.138-51\/ 78,66\/ 1\u00ba;<\/p>\n<p>01\/Vanessa de Oliveira Martins Carvalho\/RG.35.145.462-7\/CPF.298.834.708-51\/76,33\/ 2\u00ba;<\/p>\n<p>Candidato(s) Ausente(s)<\/p>\n<p>N\u00ba de Inscri\u00e7\u00e3o\/ RG\/ CPF<\/p>\n<p>02\/RG.24.978.897-4\/CPF.196.787.148-50;<\/p>\n<p>04\/RG.42.222.266-5\/CPF.388.511.598-07;<\/p>\n<p>05\/RG.25.661.761-2\/CPF. 221.476.298-12;<\/p>\n<p>06\/RG. 24.206.719-0\/CPF.133.796.958-31.<\/p>\n<ol start=\"2\">\n<li><strong> Componente curricular: Microbiologia.<\/strong><\/li>\n<\/ol>\n<p><strong>\u00a0\u00a0\u00a0\u00a0\u00a0\u00a0\u00a0\u00a0\u00a0\u00a0\u00a0 <\/strong>Candidato(s) n\u00e3o Aprovado(s)<\/p>\n<p>N\u00ba de Inscri\u00e7\u00e3o\/ RG\/ CPF\/ Nota<\/p>\n<p><strong>&#8211; Licenciado<\/strong><\/p>\n<p>01\/RG.42.249.850-6\/CPF.229.192.858-90\/39,30.<\/p>\n<p>Candidato(s) Ausente(s)<\/p>\n<p>&#8211; <strong>Graduado<\/strong><\/p>\n<p>N\u00ba de Inscri\u00e7\u00e3o\/ RG\/ CPF<\/p>\n<p>02\/RG.44.046.889-9\/CPF.341.523.928-43;<\/p>\n<p>03\/RG.42.166.819-2\/CPF.355.467.318-85;<\/p>\n<p>&nbsp;<\/p>\n<p>&nbsp;<\/p>\n<p>&nbsp;<\/p>\n<p>&nbsp;<\/p>\n<ol start=\"3\">\n<li><strong> Componente curricular: Empreendedorismo e Inova\u00e7\u00e3o.<\/strong><\/li>\n<\/ol>\n<p><strong>\u00a0\u00a0\u00a0\u00a0\u00a0\u00a0\u00a0\u00a0\u00a0\u00a0\u00a0 <\/strong>Candidato(s) Aprovado(s)<\/p>\n<p>N\u00ba de Inscri\u00e7\u00e3o\/ Nome\/ RG\/ CPF\/ Nota\/ Classifica\u00e7\u00e3o Final<\/p>\n<p>&#8211; <strong>Graduado<\/strong><\/p>\n<p>01\/David de Morais Fontes\/RG.44.440.459-4\/CPF. 370.020.798-08\/68, 00\/1\u00ba.<\/p>\n<p>Candidato(s) Ausente(s)<\/p>\n<p>N\u00ba de Inscri\u00e7\u00e3o\/ RG\/ CPF<\/p>\n<p>02\/RG.42.222.266-5\/CPF. 388.511.598-07;<\/p>\n<p>03\/RG.25.661.761.2\/CPF. 221.476.298-12.<\/p>\n<p><strong>\u00a0<\/strong><\/p>\n<ol start=\"4\">\n<li><strong> Componente curricular: Seguran\u00e7a Digital.<\/strong><\/li>\n<\/ol>\n<p><strong>\u00a0\u00a0\u00a0\u00a0\u00a0\u00a0\u00a0\u00a0\u00a0\u00a0\u00a0 <\/strong>Candidato(s) Aprovado(s)<\/p>\n<p>N\u00ba de Inscri\u00e7\u00e3o\/ Nome\/ RG\/ CPF\/ Nota\/ Classifica\u00e7\u00e3o Final<\/p>\n<p><strong>&#8211; Graduado<\/strong><\/p>\n<p>02\/Antonio Wellington Malaquias Pereira\/RG.49.577.481-9\/CPF. 386.778.218-05\/78, 00\/1\u00ba.<\/p>\n<p>Candidato(s) n\u00e3o Aprovado(s)<\/p>\n<p>N\u00ba de Inscri\u00e7\u00e3o\/ RG\/ CPF\/ Nota<\/p>\n<p>01\/RG.48.302.959-2\/CPF. 397.334.938-05\/ 45,00<\/p>\n<p>&nbsp;<\/p>\n<ol start=\"5\">\n<li><strong> Componente curricular: T\u00e9cnicas de Orienta\u00e7\u00f5es e Objeto.<\/strong><\/li>\n<\/ol>\n<p><strong>\u00a0\u00a0\u00a0\u00a0\u00a0\u00a0\u00a0\u00a0\u00a0\u00a0\u00a0 <\/strong>Candidato(s) Aprovado(s)<\/p>\n<p>N\u00ba de Inscri\u00e7\u00e3o\/ Nome\/ RG\/ CPF\/ Nota\/ Classifica\u00e7\u00e3o Final<\/p>\n<p><strong>&#8211; Graduado<\/strong><\/p>\n<p>01\/Enoque Felipe dos Santos Leal\/RG.48.302.959-2\/CPF.397.334.938-05\/66,00\/1\u00ba.<\/p>\n<p>Candidato(s) n\u00e3o Aprovado(s)<\/p>\n<p>N\u00ba de Inscri\u00e7\u00e3o\/ RG\/ CPF\/ Nota<\/p>\n<p>02\/RG.46.981.527-9\/CPF. 364.068.958-51\/ 20,00<\/p>\n<p>&nbsp;<\/p>\n<p><strong>\u00a0<\/strong><\/p>\n<ol start=\"6\">\n<li><strong> Componente curricular: Diagn\u00f3stico de Alimenta\u00e7\u00e3o Humana.<\/strong><\/li>\n<\/ol>\n<p><strong>\u00a0\u00a0\u00a0\u00a0\u00a0\u00a0\u00a0\u00a0\u00a0\u00a0\u00a0 <\/strong>Candidato(s) Aprovado(s)<\/p>\n<p>N\u00ba de Inscri\u00e7\u00e3o\/ Nome\/ RG\/ CPF\/ Nota\/ Classifica\u00e7\u00e3o Final<\/p>\n<p><strong>&#8211; Graduado<\/strong><\/p>\n<p>04\/Gabriela de Lima Santiago\/RG.4.983.014\/CPF. 031.150.441.-86\/ 74,66\/1\u00ba.<\/p>\n<p>02\/J\u00e9ssica Freitas Santos\/RG.32.946.985-X\/CPF. 229.056.108-83\/ 62,33\/2\u00ba<\/p>\n<p>Candidato(s) n\u00e3o Aprovado(s)<\/p>\n<p>N\u00ba de Inscri\u00e7\u00e3o\/ RG\/ CPF\/ Nota<\/p>\n<p>01\/RG.35.980.024-5\/CPF. 385.392.858-78\/ 23,33<\/p>\n<p>Candidato(s) \u00a0Ausentes(s)<\/p>\n<p>N\u00ba de Inscri\u00e7\u00e3o\/ RG\/ CPF\/<\/p>\n<p>03\/RG.33.868.932-1\/CPF. 325.154.838-79.<\/p>\n<p><strong>\u00a0<\/strong><\/p>\n<ol start=\"7\">\n<li><strong> Componente curricular: L\u00edngua Portuguesa, Literatura e Comunica\u00e7\u00e3o Profissional.<\/strong><\/li>\n<\/ol>\n<p>Candidato(s) n\u00e3o Aprovado(s)<\/p>\n<p>N\u00ba de Inscri\u00e7\u00e3o\/ RG\/ CPF\/ Nota<\/p>\n<p><strong>\u00a0 &#8211; Licenciado<\/strong><\/p>\n<p>01\/RG.9.040.054-9\/CPF. 859.038.508-63\/ 29,00<\/p>\n<p>&nbsp;<\/p>\n<ol start=\"8\">\n<li><strong> Componente curricular: Geografia.<\/strong><\/li>\n<\/ol>\n<p><strong>\u00a0\u00a0\u00a0\u00a0\u00a0\u00a0\u00a0\u00a0\u00a0\u00a0\u00a0 <\/strong>Candidato(s) Aprovado(s)<\/p>\n<p>N\u00ba de Inscri\u00e7\u00e3o\/ Nome\/ RG\/ CPF\/ Nota\/ Classifica\u00e7\u00e3o Final<\/p>\n<p><strong>&#8211; Licenciado<\/strong><\/p>\n<p>03\/Filipe\u00a0 Ribeiro Oliveira Zertus\/RG.43.525.779-1\/CPF.325.352.708-\u00a0\u00a0\u00a0\u00a0\u00a0 54\/50,00\/1\u00ba;<\/p>\n<p>&nbsp;<\/p>\n<p>Candidato(s) n\u00e3o Aprovado(s)<\/p>\n<p>N\u00ba de Inscri\u00e7\u00e3o\/ RG\/ CPF\/ Nota<\/p>\n<p>04\/RG.48.059.734-0\/CPF.382.045.348- 25\/31,00;<\/p>\n<p>01\/RG.18.268.302-3\/CPF.086.621.978-17\/29,00.<\/p>\n<p>&nbsp;<\/p>\n<p>Candidato(s) Ausente(s)<\/p>\n<p>N\u00ba de Inscri\u00e7\u00e3o\/ RG\/ CPF<\/p>\n<p>02\/RG.12.765.897-X\/CPF.032.150.138-19.<\/p>\n<p><strong>\u00a0<\/strong><\/p>\n<ol start=\"9\">\n<li><strong> Componente curricular: Sociologia.<\/strong><\/li>\n<\/ol>\n<p><strong>\u00a0\u00a0\u00a0\u00a0\u00a0\u00a0\u00a0\u00a0\u00a0\u00a0\u00a0 <\/strong>Candidato(s) Aprovado(s)<\/p>\n<p>N\u00ba de Inscri\u00e7\u00e3o\/ Nome\/ RG\/ CPF\/ Nota\/ Classifica\u00e7\u00e3o Final<\/p>\n<p><strong>&#8211; Licenciado<\/strong><\/p>\n<p>01\/Bruna Soares de Souza\/RG.30.984.569-5\/CPF. 394.562.988-84\/89,33\/1\u00ba;<\/p>\n<p>&nbsp;<\/p>\n<p>Candidato(s) n\u00e3o Aprovado(s)<\/p>\n<p>N\u00ba de Inscri\u00e7\u00e3o\/ RG\/ CPF\/ Nota<\/p>\n<p>03\/RG.22.273.394-9\/CPF.140.059.858-31\/43,33;<\/p>\n<p>&nbsp;<\/p>\n<p>Candidato(s) Ausente(s)<\/p>\n<p>N\u00ba de Inscri\u00e7\u00e3o\/ RG\/ CPF<\/p>\n<p>02\/RG.39.028.576-6\/CPF.430.541.468-63;<\/p>\n<p>04\/RG.35.262.094-8\/CPF.222.230.198-03.<\/p>\n<p><strong>\u00a0<\/strong><\/p>\n<p>&nbsp;<\/p>\n<p><strong>\u00a0<\/strong><\/p>\n","protected":false},"excerpt":{"rendered":"<p>AVISO DE RESULTADO DA AULA TESTE E CLASSIFICA\u00c7\u00c3O FINAL O Diretor de Escola T\u00e9cnica da ETEC Irm\u00e3 Agostina, faz saber aos candidatos abaixo relacionados o resultado da AULA TESTE e CLASSIFICA\u00c7\u00c3O FINAL. &nbsp; Componente curricular: C\u00e1lculos Financeiros. \u00a0\u00a0\u00a0\u00a0\u00a0\u00a0\u00a0\u00a0\u00a0\u00a0\u00a0 Candidato(s) Aprovado(s) N\u00ba de Inscri\u00e7\u00e3o\/ Nome\/ RG\/ CPF\/ Nota\/ Classifica\u00e7\u00e3o Final &#8211; Licenciado 03\/Allan Ara\u00fajo Coelho\/RG.35.878.913-8\/CPF.364.643.138-51\/ 78,66\/&nbsp;&hellip;<\/p>\n","protected":false},"author":1,"featured_media":0,"comment_status":"open","ping_status":"open","sticky":false,"template":"","format":"standard","meta":[],"categories":[8,2],"tags":[],"_links":{"self":[{"href":"https:\/\/etecia.com.br\/index.php?rest_route=\/wp\/v2\/posts\/2700"}],"collection":[{"href":"https:\/\/etecia.com.br\/index.php?rest_route=\/wp\/v2\/posts"}],"about":[{"href":"https:\/\/etecia.com.br\/index.php?rest_route=\/wp\/v2\/types\/post"}],"author":[{"embeddable":true,"href":"https:\/\/etecia.com.br\/index.php?rest_route=\/wp\/v2\/users\/1"}],"replies":[{"embeddable":true,"href":"https:\/\/etecia.com.br\/index.php?rest_route=%2Fwp%2Fv2%2Fcomments&post=2700"}],"version-history":[{"count":1,"href":"https:\/\/etecia.com.br\/index.php?rest_route=\/wp\/v2\/posts\/2700\/revisions"}],"predecessor-version":[{"id":2701,"href":"https:\/\/etecia.com.br\/index.php?rest_route=\/wp\/v2\/posts\/2700\/revisions\/2701"}],"wp:attachment":[{"href":"https:\/\/etecia.com.br\/index.php?rest_route=%2Fwp%2Fv2%2Fmedia&parent=2700"}],"wp:term":[{"taxonomy":"category","embeddable":true,"href":"https:\/\/etecia.com.br\/index.php?rest_route=%2Fwp%2Fv2%2Fcategories&post=2700"},{"taxonomy":"post_tag","embeddable":true,"href":"https:\/\/etecia.com.br\/index.php?rest_route=%2Fwp%2Fv2%2Ftags&post=2700"}],"curies":[{"name":"wp","href":"https:\/\/api.w.org\/{rel}","templated":true}]}}