{"id":27,"date":"2012-07-04T18:53:53","date_gmt":"2012-07-04T18:53:53","guid":{"rendered":"http:\/\/etecia.com.br\/portaletecia\/?p=27"},"modified":"2012-07-04T18:53:53","modified_gmt":"2012-07-04T18:53:53","slug":"retorno-das-aulas","status":"publish","type":"post","link":"https:\/\/etecia.com.br\/?p=27","title":{"rendered":"Retorno das Aulas"},"content":{"rendered":"<p><a href=\"http:\/\/etecia.com.br\/portaletecia\/wp-content\/uploads\/2012\/07\/ID-10040878.jpg\" class=\"broken_link\"><img loading=\"lazy\" class=\"alignleft size-medium wp-image-30\" title=\"Retorno das aulas\" src=\"http:\/\/etecia.com.br\/portaletecia\/wp-content\/uploads\/2012\/07\/ID-10040878-300x233.jpg\" alt=\"\" width=\"300\" height=\"233\" srcset=\"https:\/\/etecia.com.br\/wp-content\/uploads\/2012\/07\/ID-10040878-300x233.jpg 300w, https:\/\/etecia.com.br\/wp-content\/uploads\/2012\/07\/ID-10040878-250x194.jpg 250w, https:\/\/etecia.com.br\/wp-content\/uploads\/2012\/07\/ID-10040878.jpg 400w\" sizes=\"(max-width: 300px) 100vw, 300px\" \/><\/a>Depois de um per\u00edodo de f\u00e1rias, as aulas retornam no dia 25 de julho.<\/p>\n<p>Os professores ir\u00e3o se reunir nos dias 23 e 24 de julho para realizar o planejamento das aulas visando melhorar continuamente as nossas aulas.<\/p>\n<p>As turmas de primeiro semestre ir\u00e3o participar de atividades de integra\u00e7\u00e3o para conhecer a escola e seu funcionamento.<\/p>\n<p>Aproveite as f\u00e9rias para que no retorno possamos fazer da nossa escola um modelo.<\/p>\n","protected":false},"excerpt":{"rendered":"<p>Depois de um per\u00edodo de f\u00e1rias, as aulas retornam no dia 25 de julho. Os professores ir\u00e3o se reunir nos dias 23 e 24 de julho para realizar o planejamento das aulas visando melhorar continuamente as nossas aulas. As turmas de primeiro semestre ir\u00e3o participar de atividades de integra\u00e7\u00e3o para conhecer a escola e seu&nbsp;&hellip;<\/p>\n","protected":false},"author":1,"featured_media":0,"comment_status":"open","ping_status":"open","sticky":false,"template":"","format":"standard","meta":[],"categories":[2],"tags":[],"_links":{"self":[{"href":"https:\/\/etecia.com.br\/index.php?rest_route=\/wp\/v2\/posts\/27"}],"collection":[{"href":"https:\/\/etecia.com.br\/index.php?rest_route=\/wp\/v2\/posts"}],"about":[{"href":"https:\/\/etecia.com.br\/index.php?rest_route=\/wp\/v2\/types\/post"}],"author":[{"embeddable":true,"href":"https:\/\/etecia.com.br\/index.php?rest_route=\/wp\/v2\/users\/1"}],"replies":[{"embeddable":true,"href":"https:\/\/etecia.com.br\/index.php?rest_route=%2Fwp%2Fv2%2Fcomments&post=27"}],"version-history":[{"count":0,"href":"https:\/\/etecia.com.br\/index.php?rest_route=\/wp\/v2\/posts\/27\/revisions"}],"wp:attachment":[{"href":"https:\/\/etecia.com.br\/index.php?rest_route=%2Fwp%2Fv2%2Fmedia&parent=27"}],"wp:term":[{"taxonomy":"category","embeddable":true,"href":"https:\/\/etecia.com.br\/index.php?rest_route=%2Fwp%2Fv2%2Fcategories&post=27"},{"taxonomy":"post_tag","embeddable":true,"href":"https:\/\/etecia.com.br\/index.php?rest_route=%2Fwp%2Fv2%2Ftags&post=27"}],"curies":[{"name":"wp","href":"https:\/\/api.w.org\/{rel}","templated":true}]}}