{"id":2604,"date":"2018-05-17T18:21:02","date_gmt":"2018-05-17T21:21:02","guid":{"rendered":"https:\/\/etecirmaagostina.com.br\/?p=2604"},"modified":"2018-05-17T18:21:02","modified_gmt":"2018-05-17T21:21:02","slug":"nube-estagios-e-aprendizagem-5","status":"publish","type":"post","link":"https:\/\/etecia.com.br\/?p=2604","title":{"rendered":"NUBE &#8211; Est\u00e1gios e Aprendizagem"},"content":{"rendered":"<p>Oportunidade de Est\u00e1gio &#8211; 17\/5\/2018<br \/>\nRAMO DA EMPRESA<br \/>\n&#8211; Intermedia\u00e7\u00e3o e neg\u00f3cios.<br \/>\nCURSOS<br \/>\n&#8211; Administra\u00e7\u00e3o;<br \/>\n&#8211; T\u00e9cnico em Vendas;<br \/>\n&#8211; T\u00e9cnico em Com\u00e9rcio;<br \/>\n&#8211; T\u00e9cnico em Marketing;<br \/>\n&#8211; EJA &#8211; Modalidade Administra\u00e7\u00e3o;<br \/>\n&#8211; Administra\u00e7\u00e3o &#8211; Marketing e Vendas\/ Neg\u00f3cios;<br \/>\n&#8211; Ensino M\u00e9dio integrado a Administra\u00e7\u00e3o\/ Marketing;<br \/>\n&#8211; Gest\u00e3o Empresarial\/ Neg\u00f3cios\/ Comercial\/ Empreendedorismo.<br \/>\nREQUISITOS<br \/>\n&#8211; Concluir no 2\u00b0 semestre de 2018 at\u00e9 o 2\u00b0 semestre de 2020.<br \/>\nBENEF\u00cdCIOS<br \/>\n&#8211; Bolsa Aux\u00edlio no valor de R$ 600.00;<br \/>\n&#8211; Aux\u00edlio Transporte;<br \/>\n&#8211; Recesso Remunerado;<br \/>\n&#8211; Possibilidade de Prorroga\u00e7\u00e3o e Efetiva\u00e7\u00e3o.<br \/>\nHOR\u00c1RIO E LOCAL DE EST\u00c1GIO<br \/>\nDe segunda a sexta-feira, das 9h \u00e0s 14h.<br \/>\nVila Santa Catarina &#8211; S\u00e3o Paulo<br \/>\nAnote o c\u00f3digo: 148612 e ligue para (11) 3514-9300<\/p>\n","protected":false},"excerpt":{"rendered":"<p>Oportunidade de Est\u00e1gio &#8211; 17\/5\/2018 RAMO DA EMPRESA &#8211; Intermedia\u00e7\u00e3o e neg\u00f3cios. CURSOS &#8211; Administra\u00e7\u00e3o; &#8211; T\u00e9cnico em Vendas; &#8211; T\u00e9cnico em Com\u00e9rcio; &#8211; T\u00e9cnico em Marketing; &#8211; EJA &#8211; Modalidade Administra\u00e7\u00e3o; &#8211; Administra\u00e7\u00e3o &#8211; Marketing e Vendas\/ Neg\u00f3cios; &#8211; Ensino M\u00e9dio integrado a Administra\u00e7\u00e3o\/ Marketing; &#8211; Gest\u00e3o Empresarial\/ Neg\u00f3cios\/ Comercial\/ Empreendedorismo. REQUISITOS &#8211; Concluir&nbsp;&hellip;<\/p>\n","protected":false},"author":4,"featured_media":0,"comment_status":"open","ping_status":"open","sticky":false,"template":"","format":"standard","meta":[],"categories":[11,6],"tags":[],"_links":{"self":[{"href":"https:\/\/etecia.com.br\/index.php?rest_route=\/wp\/v2\/posts\/2604"}],"collection":[{"href":"https:\/\/etecia.com.br\/index.php?rest_route=\/wp\/v2\/posts"}],"about":[{"href":"https:\/\/etecia.com.br\/index.php?rest_route=\/wp\/v2\/types\/post"}],"author":[{"embeddable":true,"href":"https:\/\/etecia.com.br\/index.php?rest_route=\/wp\/v2\/users\/4"}],"replies":[{"embeddable":true,"href":"https:\/\/etecia.com.br\/index.php?rest_route=%2Fwp%2Fv2%2Fcomments&post=2604"}],"version-history":[{"count":1,"href":"https:\/\/etecia.com.br\/index.php?rest_route=\/wp\/v2\/posts\/2604\/revisions"}],"predecessor-version":[{"id":2605,"href":"https:\/\/etecia.com.br\/index.php?rest_route=\/wp\/v2\/posts\/2604\/revisions\/2605"}],"wp:attachment":[{"href":"https:\/\/etecia.com.br\/index.php?rest_route=%2Fwp%2Fv2%2Fmedia&parent=2604"}],"wp:term":[{"taxonomy":"category","embeddable":true,"href":"https:\/\/etecia.com.br\/index.php?rest_route=%2Fwp%2Fv2%2Fcategories&post=2604"},{"taxonomy":"post_tag","embeddable":true,"href":"https:\/\/etecia.com.br\/index.php?rest_route=%2Fwp%2Fv2%2Ftags&post=2604"}],"curies":[{"name":"wp","href":"https:\/\/api.w.org\/{rel}","templated":true}]}}