{"id":2559,"date":"2018-04-06T12:05:44","date_gmt":"2018-04-06T15:05:44","guid":{"rendered":"https:\/\/etecirmaagostina.com.br\/?p=2559"},"modified":"2018-04-13T12:06:42","modified_gmt":"2018-04-13T15:06:42","slug":"convocacao-de-alunos-faltosos-5","status":"publish","type":"post","link":"https:\/\/etecia.com.br\/?p=2559","title":{"rendered":"Convoca\u00e7\u00e3o de Alunos Faltosos"},"content":{"rendered":"<p>O Diretor da Escola T\u00e9cnica Estadual Irm\u00e3 Agostina, no uso de suas atribui\u00e7\u00f5es, <strong>CONVOCA<\/strong> os alunos abaixo relacionados para justificarem por escrito na secretaria acad\u00eamica, no prazo de 05 (cinco) dias \u00fateis, a contar da data de publica\u00e7\u00e3o da presente convoca\u00e7\u00e3o, a aus\u00eancia \u00e0s aulas por mais de 10 (dez) dias consecutivos.<\/p>\n<p>A falta de justificativa implicar\u00e1 na perda do direito \u00e0 vaga, conforme disp\u00f5e o <em>\u00a7 2\u00ba do Artigo 57 do Regimento Comum das Etecs do CEETEPS<\/em>.<\/p>\n<p>&nbsp;<\/p>\n<p>&nbsp;<\/p>\n<table width=\"696\">\n<tbody>\n<tr>\n<td width=\"77\"><strong>RM<\/strong><\/td>\n<td width=\"318\"><strong>Nome do Aluno<\/strong><\/td>\n<td width=\"161\"><strong>Curso<\/strong><\/td>\n<td width=\"76\"><strong>S\u00e9rie\/M\u00f3d.<\/strong><\/td>\n<td width=\"65\"><strong>Per\u00edodo<\/strong><\/td>\n<\/tr>\n<tr>\n<td width=\"77\">18223<\/td>\n<td width=\"318\">WESLEY APARECIDO SILVA PAZ<\/td>\n<td width=\"161\">Administra\u00e7\u00e3o<\/td>\n<td width=\"76\">1L<\/td>\n<td width=\"65\">Noite<\/td>\n<\/tr>\n<tr>\n<td width=\"77\">17087<\/td>\n<td width=\"318\">GABRIEL FRAN\u00c7A DA SILVA LIMA<\/td>\n<td width=\"161\">Administra\u00e7\u00e3o<\/td>\n<td width=\"76\">3L<\/td>\n<td width=\"65\">Noite<\/td>\n<\/tr>\n<tr>\n<td width=\"77\">17609<\/td>\n<td width=\"318\">LUCAS PEREIRA DOS SANTOS<\/td>\n<td width=\"161\">Inform\u00e1tica<\/td>\n<td width=\"76\">1H<\/td>\n<td width=\"65\">Noite<\/td>\n<\/tr>\n<tr>\n<td width=\"77\">17632<\/td>\n<td width=\"318\">VITOR LUIZ DA SILVA<\/td>\n<td width=\"161\">Inform\u00e1tica<\/td>\n<td width=\"76\">2H<\/td>\n<td width=\"65\">Noite<\/td>\n<\/tr>\n<tr>\n<td width=\"77\">17586<\/td>\n<td width=\"318\">DAVI LEMOS DOS SANTOS<\/td>\n<td width=\"161\">Nutri\u00e7\u00e3o<\/td>\n<td width=\"76\">2N<\/td>\n<td width=\"65\">Noite<\/td>\n<\/tr>\n<tr>\n<td width=\"77\">17612<\/td>\n<td width=\"318\">LUCAS LIMA GOMES DA SILVA<\/td>\n<td width=\"161\">Nutri\u00e7\u00e3o<\/td>\n<td width=\"76\">2N<\/td>\n<td width=\"65\">Noite<\/td>\n<\/tr>\n<tr>\n<td width=\"77\">17535<\/td>\n<td width=\"318\">MARIANA CARVALHO DE OLIVEIRA<\/td>\n<td width=\"161\">Nutri\u00e7\u00e3o<\/td>\n<td width=\"76\">2N<\/td>\n<td width=\"65\">Noite<\/td>\n<\/tr>\n<tr>\n<td width=\"77\">18128<\/td>\n<td width=\"318\">GIOVANNA OLIVEIRA ALMEIDA<\/td>\n<td width=\"161\">Qu\u00edmica<\/td>\n<td width=\"76\">1J<\/td>\n<td width=\"65\">Noite<\/td>\n<\/tr>\n<\/tbody>\n<\/table>\n","protected":false},"excerpt":{"rendered":"<p>O Diretor da Escola T\u00e9cnica Estadual Irm\u00e3 Agostina, no uso de suas atribui\u00e7\u00f5es, CONVOCA os alunos abaixo relacionados para justificarem por escrito na secretaria acad\u00eamica, no prazo de 05 (cinco) dias \u00fateis, a contar da data de publica\u00e7\u00e3o da presente convoca\u00e7\u00e3o, a aus\u00eancia \u00e0s aulas por mais de 10 (dez) dias consecutivos. A falta de&nbsp;&hellip;<\/p>\n","protected":false},"author":1,"featured_media":0,"comment_status":"open","ping_status":"open","sticky":false,"template":"","format":"standard","meta":[],"categories":[2],"tags":[],"_links":{"self":[{"href":"https:\/\/etecia.com.br\/index.php?rest_route=\/wp\/v2\/posts\/2559"}],"collection":[{"href":"https:\/\/etecia.com.br\/index.php?rest_route=\/wp\/v2\/posts"}],"about":[{"href":"https:\/\/etecia.com.br\/index.php?rest_route=\/wp\/v2\/types\/post"}],"author":[{"embeddable":true,"href":"https:\/\/etecia.com.br\/index.php?rest_route=\/wp\/v2\/users\/1"}],"replies":[{"embeddable":true,"href":"https:\/\/etecia.com.br\/index.php?rest_route=%2Fwp%2Fv2%2Fcomments&post=2559"}],"version-history":[{"count":1,"href":"https:\/\/etecia.com.br\/index.php?rest_route=\/wp\/v2\/posts\/2559\/revisions"}],"predecessor-version":[{"id":2560,"href":"https:\/\/etecia.com.br\/index.php?rest_route=\/wp\/v2\/posts\/2559\/revisions\/2560"}],"wp:attachment":[{"href":"https:\/\/etecia.com.br\/index.php?rest_route=%2Fwp%2Fv2%2Fmedia&parent=2559"}],"wp:term":[{"taxonomy":"category","embeddable":true,"href":"https:\/\/etecia.com.br\/index.php?rest_route=%2Fwp%2Fv2%2Fcategories&post=2559"},{"taxonomy":"post_tag","embeddable":true,"href":"https:\/\/etecia.com.br\/index.php?rest_route=%2Fwp%2Fv2%2Ftags&post=2559"}],"curies":[{"name":"wp","href":"https:\/\/api.w.org\/{rel}","templated":true}]}}