{"id":2553,"date":"2018-04-10T15:17:09","date_gmt":"2018-04-10T18:17:09","guid":{"rendered":"https:\/\/etecirmaagostina.com.br\/?p=2553"},"modified":"2018-04-10T15:17:09","modified_gmt":"2018-04-10T18:17:09","slug":"processo-seletivo-para-professores","status":"publish","type":"post","link":"https:\/\/etecia.com.br\/?p=2553","title":{"rendered":"Processo Seletivo para Professores"},"content":{"rendered":"<p><strong>AVISO DE ABERTURA DE INSCRI\u00c7\u00d5ES AO PROCESSO SELETIVO DE\u00a0<\/strong><strong>DOCENTES, OBJETIVANDO A FORMA\u00c7\u00c3O DE CADASTRO PARA\u00a0<\/strong><strong>CONTRATA\u00c7\u00c3O TEMPOR\u00c1RIA DE EXCEPCIONAL INTERESSE P\u00daBLICO, N\u00ba\u00a0<\/strong><strong>238\/01\/2018 DE 29\/03\/2018.<\/strong><\/p>\n<p>O Diretor da ESCOLA T\u00c9CNICA ESTADUAL IRM\u00c3 AGOSTINA, da cidade de S\u00c3O PAULO, com fundamento no Comunicado CEETEPS-1, de 30.01.2009, publicado no DOE de 31.01.2009, com altera\u00e7\u00f5es introduzidas pelos Comunicados CEETEPS nos 3, 5\/2009, 2\/2010, e 2\/2011, faz saber que encontram-se abertas as inscri\u00e7\u00f5es aos Processos Seletivos para a forma\u00e7\u00e3o de cadastro de docentes, nos componentes curriculares a seguir discriminados:<\/p>\n<p><strong>&#8211; COMPONENTE(S) CURRICULAR(ES) (CURSO E\/OU HABILITA\u00c7\u00c3O):<\/strong><br \/>\n1 &#8211; C\u00e1lculos Financeiros(Administra\u00e7\u00e3o);<br \/>\n2 &#8211; Microbiologia (para as Habilita\u00e7\u00f5es Farm\u00e1cia e Qu\u00edmica)(Qu\u00edmica);<br \/>\n3 &#8211; Empreendedorismo e Inova\u00e7\u00e3o (para a Habilita\u00e7\u00e3o Inform\u00e1tica)(Inform\u00e1tica);<br \/>\n4 &#8211; Seguran\u00e7a Digital(Inform\u00e1tica);<br \/>\n5 &#8211; T\u00e9cnicas de Orienta\u00e7\u00e3o a Objetos(Inform\u00e1tica);<br \/>\n6 &#8211; Diagn\u00f3stico da Alimenta\u00e7\u00e3o Humana(Nutri\u00e7\u00e3o e Diet\u00e9tica);<br \/>\n7 &#8211; Lingua Portuguesa, Literatura e Comunica\u00e7\u00e3o Profissional (Base Nacional Comum\/ ETIM)(Administra\u00e7\u00e3o Integrado ao Ensino M\u00e9dio (ETIM \/ MTec));<br \/>\n8 &#8211; Geografia (Base Nacional Comum\/ ETIM)(Administra\u00e7\u00e3o Integrado ao Ensino M\u00e9dio (ETIM \/ MTec));<br \/>\n9 &#8211; Sociologia (Base Nacional Comum\/ ETIM)(Qu\u00edmica Integrado ao Ensino M\u00e9dio (ETIM \/ MTec))<\/p>\n<p><strong>I \u2013 Per\u00edodo, local de inscri\u00e7\u00f5es e valor da hora aula.<\/strong><br \/>\n1. As inscri\u00e7\u00f5es ser\u00e3o recebidas no per\u00edodo de 09\/04\/2018 \u00e0 23\/04\/2018 no hor\u00e1rio das 9H00 \u00c1S 12H00 E 14H:00 \u00c1S 16H:30.<br \/>\n1.1. N\u00e3o haver\u00e1 atendimento aos s\u00e1bados, domingos, feriados e pontos facultativos, apesar desses dias serem computados no prazo.<br \/>\n2. Local de inscri\u00e7\u00f5es &#8211; ESCOLA T\u00c9CNICA ESTADUAL IRM\u00c3 AGOSTINA<br \/>\nEndere\u00e7o: AVENIDA FELICIANO CORREIA,S\/N<br \/>\nBairro: JARDIM SAT\u00c9LITE<br \/>\nCidade: S\u00c3O PAULO<br \/>\nTelefone: (11)5667-3971 RAMAL 203 e-mail: E238OP@CPS.SP.GOV.BR<br \/>\nWWW.ETECIA.COM.BR<br \/>\n3. O valor da hora-aula prestada \u00e9 de R$ 18,35 (dezoito reais e trinta e cinco centavos), correspondente a Professor de Ensino M\u00e9dio e T\u00e9cnico.<\/p>\n<p><strong>II &#8211; Requisitos de titula\u00e7\u00e3o<\/strong><br \/>\nOs requisitos de qualifica\u00e7\u00e3o dos profissionais de cada componente(s) curricular(es) est\u00e3o estabelecidos pelo Cat\u00e1logo de Requisitos de Titula\u00e7\u00e3o, e se encontra(m) divulgado(s) nas depend\u00eancias da ETEC.<\/p>\n<p><strong>III &#8211; As regras do processo seletivo encontram-se nos Comunicados CEETEPS acima\u00a0<\/strong><strong>citados.<\/strong><\/p>\n<p><strong>IV \u2013 O Aviso supra, os Comunicados CEETEPS n\u00bas 1, 3, 5\/2009, 2\/2010, e 2\/2011, e a<\/strong><br \/>\n<strong>Delibera\u00e7\u00e3o CEETEPS-2\/2009 de 28.01.2009, divulgada no DOE de 29.01.2009,<\/strong><br \/>\n<strong>encontram-se afixados nas depend\u00eancias da ETEC.<\/strong><\/p>\n<p>S\u00c3O PAULO, 29\/03\/2018.<\/p>\n","protected":false},"excerpt":{"rendered":"<p>AVISO DE ABERTURA DE INSCRI\u00c7\u00d5ES AO PROCESSO SELETIVO DE\u00a0DOCENTES, OBJETIVANDO A FORMA\u00c7\u00c3O DE CADASTRO PARA\u00a0CONTRATA\u00c7\u00c3O TEMPOR\u00c1RIA DE EXCEPCIONAL INTERESSE P\u00daBLICO, N\u00ba\u00a0238\/01\/2018 DE 29\/03\/2018. O Diretor da ESCOLA T\u00c9CNICA ESTADUAL IRM\u00c3 AGOSTINA, da cidade de S\u00c3O PAULO, com fundamento no Comunicado CEETEPS-1, de 30.01.2009, publicado no DOE de 31.01.2009, com altera\u00e7\u00f5es introduzidas pelos Comunicados CEETEPS nos&nbsp;&hellip;<\/p>\n","protected":false},"author":1,"featured_media":0,"comment_status":"open","ping_status":"open","sticky":false,"template":"","format":"standard","meta":[],"categories":[8,2],"tags":[],"_links":{"self":[{"href":"https:\/\/etecia.com.br\/index.php?rest_route=\/wp\/v2\/posts\/2553"}],"collection":[{"href":"https:\/\/etecia.com.br\/index.php?rest_route=\/wp\/v2\/posts"}],"about":[{"href":"https:\/\/etecia.com.br\/index.php?rest_route=\/wp\/v2\/types\/post"}],"author":[{"embeddable":true,"href":"https:\/\/etecia.com.br\/index.php?rest_route=\/wp\/v2\/users\/1"}],"replies":[{"embeddable":true,"href":"https:\/\/etecia.com.br\/index.php?rest_route=%2Fwp%2Fv2%2Fcomments&post=2553"}],"version-history":[{"count":1,"href":"https:\/\/etecia.com.br\/index.php?rest_route=\/wp\/v2\/posts\/2553\/revisions"}],"predecessor-version":[{"id":2554,"href":"https:\/\/etecia.com.br\/index.php?rest_route=\/wp\/v2\/posts\/2553\/revisions\/2554"}],"wp:attachment":[{"href":"https:\/\/etecia.com.br\/index.php?rest_route=%2Fwp%2Fv2%2Fmedia&parent=2553"}],"wp:term":[{"taxonomy":"category","embeddable":true,"href":"https:\/\/etecia.com.br\/index.php?rest_route=%2Fwp%2Fv2%2Fcategories&post=2553"},{"taxonomy":"post_tag","embeddable":true,"href":"https:\/\/etecia.com.br\/index.php?rest_route=%2Fwp%2Fv2%2Ftags&post=2553"}],"curies":[{"name":"wp","href":"https:\/\/api.w.org\/{rel}","templated":true}]}}