{"id":2519,"date":"2018-03-16T09:34:52","date_gmt":"2018-03-16T12:34:52","guid":{"rendered":"https:\/\/etecirmaagostina.com.br\/?p=2519"},"modified":"2018-03-16T09:35:22","modified_gmt":"2018-03-16T12:35:22","slug":"dia-internacional-das-mulheres","status":"publish","type":"post","link":"https:\/\/etecia.com.br\/?p=2519","title":{"rendered":"Dia Internacional das Mulheres"},"content":{"rendered":"<p><img loading=\"lazy\" class=\"size-medium wp-image-2520 alignleft\" style=\"color: #333333; font-style: normal; font-weight: 300;\" src=\"http:\/\/etecia.com.br\/wp-content\/uploads\/2018\/03\/5-300x169.jpg\" alt=\"\" width=\"300\" height=\"169\" srcset=\"https:\/\/etecia.com.br\/wp-content\/uploads\/2018\/03\/5-300x169.jpg 300w, https:\/\/etecia.com.br\/wp-content\/uploads\/2018\/03\/5-250x141.jpg 250w, https:\/\/etecia.com.br\/wp-content\/uploads\/2018\/03\/5.jpg 720w\" sizes=\"(max-width: 300px) 100vw, 300px\" \/>Para comemorar o Dia das Mulheres o nosso aluno Gabriel do curso T\u00e9cnico de Nutri\u00e7\u00e3o, por livre e espont\u00e2nea vontade em dedicar seu trabalho de forma volunt\u00e1ria, fez uma apresenta\u00e7\u00e3o bel\u00edssima com uma s\u00e9rie de m\u00fasica dedicada a mulher, nos per\u00edodos diurno e noturno para todas a mulheres da ETEC Irm\u00e3 Agostina.<\/p>\n<p>&nbsp;<\/p>\n<p><img loading=\"lazy\" class=\"size-medium wp-image-2521 alignleft\" src=\"http:\/\/etecia.com.br\/wp-content\/uploads\/2018\/03\/6-169x300.jpg\" alt=\"\" width=\"169\" height=\"300\" srcset=\"https:\/\/etecia.com.br\/wp-content\/uploads\/2018\/03\/6-169x300.jpg 169w, https:\/\/etecia.com.br\/wp-content\/uploads\/2018\/03\/6-576x1024.jpg 576w, https:\/\/etecia.com.br\/wp-content\/uploads\/2018\/03\/6-141x250.jpg 141w, https:\/\/etecia.com.br\/wp-content\/uploads\/2018\/03\/6.jpg 581w\" sizes=\"(max-width: 169px) 100vw, 169px\" \/> <img loading=\"lazy\" class=\"size-medium wp-image-2522 alignleft\" src=\"http:\/\/etecia.com.br\/wp-content\/uploads\/2018\/03\/7-169x300.jpg\" alt=\"\" width=\"169\" height=\"300\" srcset=\"https:\/\/etecia.com.br\/wp-content\/uploads\/2018\/03\/7-169x300.jpg 169w, https:\/\/etecia.com.br\/wp-content\/uploads\/2018\/03\/7-576x1024.jpg 576w, https:\/\/etecia.com.br\/wp-content\/uploads\/2018\/03\/7-141x250.jpg 141w, https:\/\/etecia.com.br\/wp-content\/uploads\/2018\/03\/7.jpg 581w\" sizes=\"(max-width: 169px) 100vw, 169px\" \/><\/p>\n","protected":false},"excerpt":{"rendered":"<p>Para comemorar o Dia das Mulheres o nosso aluno Gabriel do curso T\u00e9cnico de Nutri\u00e7\u00e3o, por livre e espont\u00e2nea vontade em dedicar seu trabalho de forma volunt\u00e1ria, fez uma apresenta\u00e7\u00e3o bel\u00edssima com uma s\u00e9rie de m\u00fasica dedicada a mulher, nos per\u00edodos diurno e noturno para todas a mulheres da ETEC Irm\u00e3 Agostina. &nbsp;<\/p>\n","protected":false},"author":1,"featured_media":0,"comment_status":"open","ping_status":"open","sticky":false,"template":"","format":"standard","meta":[],"categories":[2],"tags":[],"_links":{"self":[{"href":"https:\/\/etecia.com.br\/index.php?rest_route=\/wp\/v2\/posts\/2519"}],"collection":[{"href":"https:\/\/etecia.com.br\/index.php?rest_route=\/wp\/v2\/posts"}],"about":[{"href":"https:\/\/etecia.com.br\/index.php?rest_route=\/wp\/v2\/types\/post"}],"author":[{"embeddable":true,"href":"https:\/\/etecia.com.br\/index.php?rest_route=\/wp\/v2\/users\/1"}],"replies":[{"embeddable":true,"href":"https:\/\/etecia.com.br\/index.php?rest_route=%2Fwp%2Fv2%2Fcomments&post=2519"}],"version-history":[{"count":2,"href":"https:\/\/etecia.com.br\/index.php?rest_route=\/wp\/v2\/posts\/2519\/revisions"}],"predecessor-version":[{"id":2524,"href":"https:\/\/etecia.com.br\/index.php?rest_route=\/wp\/v2\/posts\/2519\/revisions\/2524"}],"wp:attachment":[{"href":"https:\/\/etecia.com.br\/index.php?rest_route=%2Fwp%2Fv2%2Fmedia&parent=2519"}],"wp:term":[{"taxonomy":"category","embeddable":true,"href":"https:\/\/etecia.com.br\/index.php?rest_route=%2Fwp%2Fv2%2Fcategories&post=2519"},{"taxonomy":"post_tag","embeddable":true,"href":"https:\/\/etecia.com.br\/index.php?rest_route=%2Fwp%2Fv2%2Ftags&post=2519"}],"curies":[{"name":"wp","href":"https:\/\/api.w.org\/{rel}","templated":true}]}}