{"id":2471,"date":"2018-02-21T14:20:16","date_gmt":"2018-02-21T17:20:16","guid":{"rendered":"https:\/\/etecirmaagostina.com.br\/?p=2471"},"modified":"2018-02-21T14:20:16","modified_gmt":"2018-02-21T17:20:16","slug":"reuniao-de-pais","status":"publish","type":"post","link":"https:\/\/etecia.com.br\/?p=2471","title":{"rendered":"Reuni\u00e3o de Pais"},"content":{"rendered":"<table width=\"754\">\n<tbody>\n<tr>\n<td width=\"754\"><strong>Prezados Pais<\/strong><\/td>\n<\/tr>\n<tr>\n<td width=\"754\">Realizaremos a primeira <strong>Reuni\u00e3o de Pais e Mestres, <\/strong>das 09h00 \u00e0s 12h00, dia 24\/02 (s\u00e1bado). Ser\u00e1 um momento de intera\u00e7\u00e3o entre a fam\u00edlia e a escola. Por ocasi\u00e3o da reuni\u00e3o ser\u00e1 apresentado os professores, laborat\u00f3rios, Regimento Escolar e A\u00e7\u00f5es da APM.\u00a0\u00a0\u00a0\u00a0\u00a0\u00a0\u00a0\u00a0\u00a0\u00a0\u00a0\u00a0\u00a0\u00a0\u00a0\u00a0\u00a0\u00a0\u00a0\u00a0\u00a0\u00a0\u00a0\u00a0\u00a0\u00a0\u00a0\u00a0\u00a0\u00a0\u00a0\u00a0\u00a0\u00a0\u00a0\u00a0\u00a0\u00a0\u00a0\u00a0\u00a0\u00a0\u00a0\u00a0\u00a0\u00a0\u00a0\u00a0\u00a0\u00a0\u00a0\u00a0\u00a0\u00a0\u00a0 \u00a0\u00a0\u00a0\u00a0\u00a0\u00a0\u00a0\u00a0\u00a0\u00a0\u00a0\u00a0\u00a0\u00a0\u00a0\u00a0\u00a0\u00a0\u00a0\u00a0\u00a0\u00a0\u00a0\u00a0\u00a0\u00a0\u00a0\u00a0\u00a0\u00a0\u00a0\u00a0\u00a0\u00a0\u00a0\u00a0\u00a0\u00a0\u00a0\u00a0\u00a0\u00a0\u00a0\u00a0Contamos com sua fundamental presen\u00e7a.<\/td>\n<\/tr>\n<\/tbody>\n<\/table>\n<p>&nbsp;<\/p>\n<p>Informamos que a <strong>UBS Vila da Paz <\/strong>aplicar\u00e1 a vacina contra febre amarela (dose fracionada) em 26\/02 aqui na ETEC em dois hor\u00e1rios: 14h00 e 19h00. Aqueles que ainda n\u00e3o tomaram e desejam tomar (inclusive os familiares),\u00a0 por gentileza\u00a0 trazer a carteirinha para atualiza\u00e7\u00e3o.<\/p>\n","protected":false},"excerpt":{"rendered":"<p>Prezados Pais Realizaremos a primeira Reuni\u00e3o de Pais e Mestres, das 09h00 \u00e0s 12h00, dia 24\/02 (s\u00e1bado). Ser\u00e1 um momento de intera\u00e7\u00e3o entre a fam\u00edlia e a escola. Por ocasi\u00e3o da reuni\u00e3o ser\u00e1 apresentado os professores, laborat\u00f3rios, Regimento Escolar e A\u00e7\u00f5es da APM.\u00a0\u00a0\u00a0\u00a0\u00a0\u00a0\u00a0\u00a0\u00a0\u00a0\u00a0\u00a0\u00a0\u00a0\u00a0\u00a0\u00a0\u00a0\u00a0\u00a0\u00a0\u00a0\u00a0\u00a0\u00a0\u00a0\u00a0\u00a0\u00a0\u00a0\u00a0\u00a0\u00a0\u00a0\u00a0\u00a0\u00a0\u00a0\u00a0\u00a0\u00a0\u00a0\u00a0\u00a0\u00a0\u00a0\u00a0\u00a0\u00a0\u00a0\u00a0\u00a0\u00a0\u00a0\u00a0 \u00a0\u00a0\u00a0\u00a0\u00a0\u00a0\u00a0\u00a0\u00a0\u00a0\u00a0\u00a0\u00a0\u00a0\u00a0\u00a0\u00a0\u00a0\u00a0\u00a0\u00a0\u00a0\u00a0\u00a0\u00a0\u00a0\u00a0\u00a0\u00a0\u00a0\u00a0\u00a0\u00a0\u00a0\u00a0\u00a0\u00a0\u00a0\u00a0\u00a0\u00a0\u00a0\u00a0\u00a0Contamos com sua fundamental presen\u00e7a. &nbsp; Informamos que a UBS Vila da&nbsp;&hellip;<\/p>\n","protected":false},"author":1,"featured_media":0,"comment_status":"open","ping_status":"open","sticky":false,"template":"","format":"standard","meta":[],"categories":[2],"tags":[],"_links":{"self":[{"href":"https:\/\/etecia.com.br\/index.php?rest_route=\/wp\/v2\/posts\/2471"}],"collection":[{"href":"https:\/\/etecia.com.br\/index.php?rest_route=\/wp\/v2\/posts"}],"about":[{"href":"https:\/\/etecia.com.br\/index.php?rest_route=\/wp\/v2\/types\/post"}],"author":[{"embeddable":true,"href":"https:\/\/etecia.com.br\/index.php?rest_route=\/wp\/v2\/users\/1"}],"replies":[{"embeddable":true,"href":"https:\/\/etecia.com.br\/index.php?rest_route=%2Fwp%2Fv2%2Fcomments&post=2471"}],"version-history":[{"count":1,"href":"https:\/\/etecia.com.br\/index.php?rest_route=\/wp\/v2\/posts\/2471\/revisions"}],"predecessor-version":[{"id":2472,"href":"https:\/\/etecia.com.br\/index.php?rest_route=\/wp\/v2\/posts\/2471\/revisions\/2472"}],"wp:attachment":[{"href":"https:\/\/etecia.com.br\/index.php?rest_route=%2Fwp%2Fv2%2Fmedia&parent=2471"}],"wp:term":[{"taxonomy":"category","embeddable":true,"href":"https:\/\/etecia.com.br\/index.php?rest_route=%2Fwp%2Fv2%2Fcategories&post=2471"},{"taxonomy":"post_tag","embeddable":true,"href":"https:\/\/etecia.com.br\/index.php?rest_route=%2Fwp%2Fv2%2Ftags&post=2471"}],"curies":[{"name":"wp","href":"https:\/\/api.w.org\/{rel}","templated":true}]}}