{"id":2361,"date":"2017-11-17T11:00:01","date_gmt":"2017-11-17T13:00:01","guid":{"rendered":"https:\/\/etecirmaagostina.com.br\/?p=2361"},"modified":"2017-11-17T11:00:01","modified_gmt":"2017-11-17T13:00:01","slug":"projeto-consciencia-negra-2017","status":"publish","type":"post","link":"https:\/\/etecia.com.br\/?p=2361","title":{"rendered":"Projeto Consci\u00eancia Negra 2017"},"content":{"rendered":"<p><strong>Dia 28\/11\/2017 \u2013 Ter\u00e7a feira<\/strong><\/p>\n<p><strong>13h30 \u2013 14h20: <\/strong>Audit\u00f3rio \u2013 debate: apresenta\u00e7\u00e3o 1D \/ Participa\u00e7\u00e3o 1\u00ba B,C,D<\/p>\n<p><strong>14h20 \u2013 15h10:<\/strong> Quadra \u2013 corrida 1B \/ Participa\u00e7\u00e3o 1\u00ba B,C,D<\/p>\n<p><strong>15h10 \u2013 16h00: <\/strong>Audit\u00f3rio \u2013 homenagem aos ancestrais. Prof\u00aa F\u00e1tima<\/p>\n<p>Participa\u00e7\u00e3o 1\u00ba B,C,D<\/p>\n<p><strong>\u00a0<\/strong><\/p>\n<table>\n<tbody>\n<tr>\n<td width=\"187\"><strong>TURMAS<\/strong><\/td>\n<td width=\"389\">ETIM \u2013 3\u00aas B, C, D<\/td>\n<\/tr>\n<tr>\n<td width=\"187\"><strong>TEMA<\/strong><\/td>\n<td width=\"389\">Segrega\u00e7\u00e3o social em espa\u00e7os urbanos<\/p>\n<p>&nbsp;<\/td>\n<\/tr>\n<tr>\n<td width=\"187\"><strong>ATIVIDADES DESENVOLVIDAS<\/strong><\/td>\n<td width=\"389\">Pesquisa em grupo: compara\u00e7\u00e3o da infra estrutura urbana e indicadores sociais entre distritos centrais e perif\u00e9ricos na cidade de S\u00e3o Paulo, por meio do site da Prefeitura de S. Paulo: geosampa.sp.gov.br<\/td>\n<\/tr>\n<tr>\n<td width=\"187\"><strong>PRODUTO FINAL<\/strong><\/td>\n<td width=\"389\">Produ\u00e7\u00e3o de texto com an\u00e1lise e reflex\u00e3o<\/td>\n<\/tr>\n<tr>\n<td width=\"187\"><strong>PROFESSORA<\/strong><\/td>\n<td width=\"389\">Maria Alice<\/td>\n<\/tr>\n<\/tbody>\n<\/table>\n<p><strong>\u00a0<\/strong><\/p>\n<p><strong>\u00a0<\/strong><\/p>\n<table>\n<tbody>\n<tr>\n<td width=\"187\"><strong>TURMAS<\/strong><\/td>\n<td width=\"389\">ETIM \u2013 2\u00aas B, C, D<\/td>\n<\/tr>\n<tr>\n<td width=\"187\"><strong>TEMA<\/strong><\/td>\n<td width=\"389\">Racismo cient\u00edfico<\/p>\n<p>O mito da democracia racial no Brasil<\/p>\n<p>As matrizes \u00e9tnicas do Brasil<\/td>\n<\/tr>\n<tr>\n<td width=\"187\"><strong>ATIVIDADES DESENVOLVIDAS<\/strong><\/td>\n<td width=\"389\">Pesquisa em grupo: o que foi o racismo cient\u00edfico; o que \u00e9 o mito da democracia racial; o movimento negro no Brasil a partir da d\u00e9cada de 1930; conceito de etnia. Apresenta\u00e7\u00e3o sobre as matrizes \u00e9tnicas da forma\u00e7\u00e3o do povo brasileiro.<\/td>\n<\/tr>\n<tr>\n<td width=\"187\"><strong>PRODUTO FINAL<\/strong><\/td>\n<td width=\"389\">Produ\u00e7\u00e3o de texto com an\u00e1lise e reflex\u00e3o<\/td>\n<\/tr>\n<tr>\n<td width=\"187\"><strong>PROFESSORA<\/strong><\/td>\n<td width=\"389\">Maria Alice<\/td>\n<\/tr>\n<\/tbody>\n<\/table>\n<p><strong>\u00a0<\/strong><\/p>\n<p><strong>\u00a0<\/strong><\/p>\n<p><strong>Obs.: <\/strong>As atividades est\u00e3o sendo feitas em sala de aula \/ laborat\u00f3rio de inform\u00e1tica, com pesquisa em diversas fontes. A produ\u00e7\u00e3o de texto ser\u00e1 avaliada e compor\u00e1 a men\u00e7\u00e3o bimestral.<\/p>\n<p><strong>\u00a0<\/strong><\/p>\n<p><strong>\u00a0<\/strong><\/p>\n<p><strong>ATIVIDADES CONJUNTAS: <\/strong>1\u00bas anos B,C,D<\/p>\n<p><strong>LOCAL: <\/strong>Quadra e audit\u00f3rio\u00a0\u00a0\u00a0\u00a0\u00a0\u00a0\u00a0\u00a0\u00a0\u00a0\u00a0\u00a0\u00a0\u00a0\u00a0\u00a0\u00a0\u00a0\u00a0\u00a0\u00a0\u00a0\u00a0\u00a0\u00a0\u00a0\u00a0\u00a0\u00a0\u00a0\u00a0\u00a0 <strong>DATA: <\/strong>28\/11\/2017<\/p>\n<p><strong>ORGANIZA\u00c7\u00c3O<\/strong>: Prof\u00aas. F\u00e1tima (Arte) e Maria Alice (Sociologia) <strong>COLABORA\u00c7\u00c3O:<\/strong> Profs. Gleice (Ingl\u00eas) e Roberto (Portugu\u00eas)<\/p>\n<table>\n<tbody>\n<tr>\n<td width=\"187\"><strong>TURMAS<\/strong><\/td>\n<td width=\"389\">ETIM \u2013 1\u00aas B<\/td>\n<\/tr>\n<tr>\n<td width=\"187\"><strong>TEMA<\/strong><\/td>\n<td width=\"389\">Indicadores sociais e a desigualdade racial;<\/p>\n<p>Reflex\u00e3o sobre a meritocracia<\/td>\n<\/tr>\n<tr>\n<td width=\"187\"><strong>ATIVIDADES DESENVOLVIDAS<\/strong><\/td>\n<td width=\"389\">Pesquisa em grupo: indicadores sociais no Brasil e representa\u00e7\u00e3o da desigualdade social \/ racial por meio de simula\u00e7\u00e3o de corrida. Inspira\u00e7\u00e3o: v\u00eddeo dispon\u00edvel no Youtube:<\/p>\n<p>https:\/\/www.youtube.com\/watch?v=L177yGji8eM<\/td>\n<\/tr>\n<tr>\n<td width=\"187\"><strong>PRODUTO FINAL<\/strong><\/td>\n<td width=\"389\">Din\u00e2mica: corrida representando a popula\u00e7\u00e3o brasileira, com a informa\u00e7\u00e3o sobre indicadores sociais e a desigualdade racial<\/td>\n<\/tr>\n<\/tbody>\n<\/table>\n<p>&nbsp;<\/p>\n<table>\n<tbody>\n<tr>\n<td width=\"187\"><strong>TURMAS<\/strong><\/td>\n<td width=\"389\">ETIM \u2013 1\u00aas C<\/td>\n<\/tr>\n<tr>\n<td width=\"187\"><strong>TEMA<\/strong><\/td>\n<td width=\"389\">Diversidade, enfrentamento e supera\u00e7\u00e3o do racismo<\/td>\n<\/tr>\n<tr>\n<td width=\"187\"><strong>ATIVIDADES DESENVOLVIDAS<\/strong><\/td>\n<td width=\"389\">Pesquisa em grupo para cria\u00e7\u00e3o de painel com mosaico de fotografias dos alunos de 1\u00bas anos, personalidades negras e ind\u00edgenas, frases para reflex\u00e3o sobre a supera\u00e7\u00e3o do racismo e a supera\u00e7\u00e3o do racismo cient\u00edfico.<\/td>\n<\/tr>\n<tr>\n<td width=\"187\"><strong>PRODUTO FINAL<\/strong><\/td>\n<td width=\"389\">Painel a ser colocado pr\u00f3ximo ao audit\u00f3rio e refeit\u00f3rio<\/td>\n<\/tr>\n<\/tbody>\n<\/table>\n<p>&nbsp;<\/p>\n<table>\n<tbody>\n<tr>\n<td width=\"187\"><strong>TURMAS<\/strong><\/td>\n<td width=\"389\">ETIM \u2013 1\u00aa D<\/td>\n<\/tr>\n<tr>\n<td width=\"187\"><strong>TEMA<\/strong><\/td>\n<td width=\"389\">Pol\u00edticas afirmativas: a pol\u00edtica de cotas no Brasil<\/td>\n<\/tr>\n<tr>\n<td width=\"187\"><strong>ATIVIDADES DESENVOLVIDAS<\/strong><\/td>\n<td width=\"389\">Pesquisa em grupo: Hist\u00f3rico das pol\u00edticas de cotas no Brasil e a ado\u00e7\u00e3o das cotas pelas diversas universidades p\u00fablicas; SISU, Prouni e Fies.<\/p>\n<p><u>\u00a0<\/u><\/td>\n<\/tr>\n<tr>\n<td width=\"187\"><strong>PRODUTO FINAL<\/strong><\/td>\n<td width=\"389\">Apresenta\u00e7\u00e3o em slides e debate<\/td>\n<\/tr>\n<\/tbody>\n<\/table>\n<p><strong>CRONOGRAMA DAS ATIVIDADES CONJUNTAS<\/strong><\/p>\n<p><strong>\u00a0<\/strong><\/p>\n<p>&nbsp;<\/p>\n","protected":false},"excerpt":{"rendered":"<p>Dia 28\/11\/2017 \u2013 Ter\u00e7a feira 13h30 \u2013 14h20: Audit\u00f3rio \u2013 debate: apresenta\u00e7\u00e3o 1D \/ Participa\u00e7\u00e3o 1\u00ba B,C,D 14h20 \u2013 15h10: Quadra \u2013 corrida 1B \/ Participa\u00e7\u00e3o 1\u00ba B,C,D 15h10 \u2013 16h00: Audit\u00f3rio \u2013 homenagem aos ancestrais. Prof\u00aa F\u00e1tima Participa\u00e7\u00e3o 1\u00ba B,C,D \u00a0 TURMAS ETIM \u2013 3\u00aas B, C, D TEMA Segrega\u00e7\u00e3o social em espa\u00e7os urbanos&nbsp;&hellip;<\/p>\n","protected":false},"author":1,"featured_media":0,"comment_status":"open","ping_status":"open","sticky":false,"template":"","format":"standard","meta":[],"categories":[2],"tags":[],"_links":{"self":[{"href":"https:\/\/etecia.com.br\/index.php?rest_route=\/wp\/v2\/posts\/2361"}],"collection":[{"href":"https:\/\/etecia.com.br\/index.php?rest_route=\/wp\/v2\/posts"}],"about":[{"href":"https:\/\/etecia.com.br\/index.php?rest_route=\/wp\/v2\/types\/post"}],"author":[{"embeddable":true,"href":"https:\/\/etecia.com.br\/index.php?rest_route=\/wp\/v2\/users\/1"}],"replies":[{"embeddable":true,"href":"https:\/\/etecia.com.br\/index.php?rest_route=%2Fwp%2Fv2%2Fcomments&post=2361"}],"version-history":[{"count":1,"href":"https:\/\/etecia.com.br\/index.php?rest_route=\/wp\/v2\/posts\/2361\/revisions"}],"predecessor-version":[{"id":2362,"href":"https:\/\/etecia.com.br\/index.php?rest_route=\/wp\/v2\/posts\/2361\/revisions\/2362"}],"wp:attachment":[{"href":"https:\/\/etecia.com.br\/index.php?rest_route=%2Fwp%2Fv2%2Fmedia&parent=2361"}],"wp:term":[{"taxonomy":"category","embeddable":true,"href":"https:\/\/etecia.com.br\/index.php?rest_route=%2Fwp%2Fv2%2Fcategories&post=2361"},{"taxonomy":"post_tag","embeddable":true,"href":"https:\/\/etecia.com.br\/index.php?rest_route=%2Fwp%2Fv2%2Ftags&post=2361"}],"curies":[{"name":"wp","href":"https:\/\/api.w.org\/{rel}","templated":true}]}}