{"id":2354,"date":"2017-11-16T17:22:48","date_gmt":"2017-11-16T19:22:48","guid":{"rendered":"https:\/\/etecirmaagostina.com.br\/?p=2354"},"modified":"2017-11-16T17:22:48","modified_gmt":"2017-11-16T19:22:48","slug":"inscricoes-vestibulinho-2018","status":"publish","type":"post","link":"https:\/\/etecia.com.br\/?p=2354","title":{"rendered":"Inscri\u00e7\u00f5es Vestibulinho 2018"},"content":{"rendered":"<p><strong>Calend\u00e1rio &#8211; Vestibulinho das Etecs &#8211; 1\u00ba semestre de 2018<\/strong><\/p>\n<ul>\n<li><strong>De 06\/11 at\u00e9 \u00e0s 15h do dia 13\/11\/2017 &#8211;\u00a0<\/strong>Inscri\u00e7\u00f5es para redu\u00e7\u00e3o da taxa no site www.vestibulinhoetec.com.br e entrega nas Etecs\u00a0<strong>(<em>nos dias \u00fateis das 9h \u00e0s 18h<\/em>)\u00a0<\/strong>da documenta\u00e7\u00e3o de redu\u00e7\u00e3o da taxa<\/li>\n<li><strong>A partir de 01\/12\/2017 &#8211;\u00a0<\/strong>Divulga\u00e7\u00e3o no site www.vestibulinhoetec.com.br do resultado da solicita\u00e7\u00e3o de redu\u00e7\u00e3o da taxa de inscri\u00e7\u00e3o<\/li>\n<li><strong>De 14\/11 at\u00e9 \u00e0s 15h do dia 13\/12\/2017 &#8211;<\/strong>\u00a0Inscri\u00e7\u00f5es do Processo Seletivo no site www.vestibulinhoetec.com.br<\/li>\n<li><strong>16\/01\/2018 &#8211;\u00a0<\/strong>Divulga\u00e7\u00e3o dos locais de Exame<\/li>\n<li><strong>21\/01\/2018, \u00e0s 13h30min &#8211;<\/strong>\u00a0Exame<\/li>\n<li><strong>21\/01\/2018<\/strong>\u00a0(domingo), a partir das 18h &#8211; Divulga\u00e7\u00e3o do gabarito oficial no site www.vestibulinhoetec.com.br<\/li>\n<li><strong>22\/01\/2018 (<\/strong>segunda-feira), a partir das 14h \u2013 Divulga\u00e7\u00e3o do gabarito oficial para acesso as vagas remanescentes de 2\u00ba m\u00f3dulo no site www.vestibulinhoetec.com.br.<\/li>\n<li><strong>23\/01\/2018 (<\/strong>ter\u00e7a-feira), a partir das 14h \u2013 Divulga\u00e7\u00e3o do gabarito oficial dos Cursos de Especializa\u00e7\u00e3o (somente nas Etecs).<\/li>\n<li><strong>A partir de 31\/01\/2018 &#8211;\u00a0<\/strong>Divulga\u00e7\u00e3o da lista de classifica\u00e7\u00e3o geral para\u00a0<strong>os cursos t\u00e9cnicos com prova de aptid\u00e3o<\/strong><\/li>\n<li><strong>A partir de 06\/02\/2018 &#8211;\u00a0<\/strong>Divulga\u00e7\u00e3o da lista de classifica\u00e7\u00e3o geral dos<strong>\u00a0demais cursos<\/strong><\/li>\n<li><strong>07 e 08\/02\/2018 &#8211;\u00a0<\/strong>Divulga\u00e7\u00e3o da 1\u00aa lista de convoca\u00e7\u00e3o e matr\u00edcula<\/li>\n<li><strong>09 e 15\/02\/2018 &#8211;\u00a0<\/strong>Divulga\u00e7\u00e3o da 2\u00aa lista de convoca\u00e7\u00e3o e matr\u00edcula<\/li>\n<\/ul>\n<p>Valor da taxa de inscri\u00e7\u00e3o<br \/>\nR$ 28,70 (trinta reais)<\/p>\n<p>Outras informa\u00e7\u00f5es pelos telefones (11) 3471-4071 (Capital e Grande S\u00e3o Paulo) e 0800-772 2829.<\/p>\n","protected":false},"excerpt":{"rendered":"<p>Calend\u00e1rio &#8211; Vestibulinho das Etecs &#8211; 1\u00ba semestre de 2018 De 06\/11 at\u00e9 \u00e0s 15h do dia 13\/11\/2017 &#8211;\u00a0Inscri\u00e7\u00f5es para redu\u00e7\u00e3o da taxa no site www.vestibulinhoetec.com.br e entrega nas Etecs\u00a0(nos dias \u00fateis das 9h \u00e0s 18h)\u00a0da documenta\u00e7\u00e3o de redu\u00e7\u00e3o da taxa A partir de 01\/12\/2017 &#8211;\u00a0Divulga\u00e7\u00e3o no site www.vestibulinhoetec.com.br do resultado da solicita\u00e7\u00e3o de redu\u00e7\u00e3o&nbsp;&hellip;<\/p>\n","protected":false},"author":1,"featured_media":0,"comment_status":"open","ping_status":"open","sticky":false,"template":"","format":"standard","meta":[],"categories":[2],"tags":[],"_links":{"self":[{"href":"https:\/\/etecia.com.br\/index.php?rest_route=\/wp\/v2\/posts\/2354"}],"collection":[{"href":"https:\/\/etecia.com.br\/index.php?rest_route=\/wp\/v2\/posts"}],"about":[{"href":"https:\/\/etecia.com.br\/index.php?rest_route=\/wp\/v2\/types\/post"}],"author":[{"embeddable":true,"href":"https:\/\/etecia.com.br\/index.php?rest_route=\/wp\/v2\/users\/1"}],"replies":[{"embeddable":true,"href":"https:\/\/etecia.com.br\/index.php?rest_route=%2Fwp%2Fv2%2Fcomments&post=2354"}],"version-history":[{"count":2,"href":"https:\/\/etecia.com.br\/index.php?rest_route=\/wp\/v2\/posts\/2354\/revisions"}],"predecessor-version":[{"id":3426,"href":"https:\/\/etecia.com.br\/index.php?rest_route=\/wp\/v2\/posts\/2354\/revisions\/3426"}],"wp:attachment":[{"href":"https:\/\/etecia.com.br\/index.php?rest_route=%2Fwp%2Fv2%2Fmedia&parent=2354"}],"wp:term":[{"taxonomy":"category","embeddable":true,"href":"https:\/\/etecia.com.br\/index.php?rest_route=%2Fwp%2Fv2%2Fcategories&post=2354"},{"taxonomy":"post_tag","embeddable":true,"href":"https:\/\/etecia.com.br\/index.php?rest_route=%2Fwp%2Fv2%2Ftags&post=2354"}],"curies":[{"name":"wp","href":"https:\/\/api.w.org\/{rel}","templated":true}]}}