{"id":2344,"date":"2017-11-07T08:14:04","date_gmt":"2017-11-07T10:14:04","guid":{"rendered":"https:\/\/etecirmaagostina.com.br\/?p=2344"},"modified":"2017-11-08T12:14:50","modified_gmt":"2017-11-08T14:14:50","slug":"convocacao-de-alunos-faltosos-4","status":"publish","type":"post","link":"https:\/\/etecia.com.br\/?p=2344","title":{"rendered":"Convoca\u00e7\u00e3o de alunos faltosos"},"content":{"rendered":"<p>O Diretor da Escola T\u00e9cnica Estadual Irm\u00e3 Agostina, no uso de suas atribui\u00e7\u00f5es, <strong>CONVOCA<\/strong> os alunos abaixo relacionados para justificarem por escrito na secretaria acad\u00eamica, no prazo de 05 (cinco) dias \u00fateis, a contar da data de publica\u00e7\u00e3o da presente convoca\u00e7\u00e3o, a aus\u00eancia \u00e0s aulas por mais de 10 (dez) dias consecutivos.<\/p>\n<p>A falta de justificativa implicar\u00e1 na perda do direito \u00e0 vaga, conforme disp\u00f5e o <em>\u00a7 2\u00ba do Artigo 57 do Regimento Comum das Etecs do CEETEPS<\/em>.<\/p>\n<p>&nbsp;<\/p>\n<p>&nbsp;<\/p>\n<table width=\"696\">\n<tbody>\n<tr>\n<td width=\"77\"><strong>RM<\/strong><\/td>\n<td width=\"318\"><strong>Nome do Aluno<\/strong><\/td>\n<td width=\"161\"><strong>Curso<\/strong><\/td>\n<td width=\"76\"><strong>S\u00e9rie\/M\u00f3d.<\/strong><\/td>\n<td width=\"65\"><strong>Per\u00edodo<\/strong><\/td>\n<\/tr>\n<tr>\n<td width=\"77\">16074<\/td>\n<td width=\"318\">GIOVANNI FABRINI GOMES<\/td>\n<td width=\"161\">ETIM Administra\u00e7\u00e3o<\/td>\n<td width=\"76\">1\u00aa S\u00e9rie<\/td>\n<td width=\"65\">Integral<\/td>\n<\/tr>\n<tr>\n<td width=\"77\">17137<\/td>\n<td width=\"318\">CAROLINE HAUNHOLTER ARAUJO<\/td>\n<td width=\"161\">T\u00e9c. Administra\u00e7\u00e3o<\/td>\n<td width=\"76\">2\u00ba m\u00f3dulo<\/td>\n<td width=\"65\">Noite<\/td>\n<\/tr>\n<tr>\n<td width=\"77\">17607<\/td>\n<td width=\"318\">LUCAS IVAN NOGUEIRA DOS SANTOS<\/td>\n<td width=\"161\">T\u00e9c. Inform\u00e1tica<\/td>\n<td width=\"76\">1\u00ba m\u00f3dulo<\/td>\n<td width=\"65\">Noite<\/td>\n<\/tr>\n<tr>\n<td width=\"77\">17224<\/td>\n<td width=\"318\">DOUGLAS CARDOSO FERREIRA<\/td>\n<td width=\"161\">T\u00e9c. Inform\u00e1tica<\/td>\n<td width=\"76\">2\u00ba m\u00f3dulo<\/td>\n<td width=\"65\">Noite<\/td>\n<\/tr>\n<tr>\n<td width=\"77\">17560<\/td>\n<td width=\"318\">VITORIA DE JESUS RAMALHO<\/td>\n<td width=\"161\">T\u00e9c. Qu\u00edmica<\/td>\n<td width=\"76\">1\u00ba M\u00f3dulo<\/td>\n<td width=\"65\">Noite<\/td>\n<\/tr>\n<tr>\n<td width=\"77\">17672<\/td>\n<td width=\"318\">GABRIELLA GROLLA RODRIGUES<\/td>\n<td width=\"161\">T\u00e9c. Qu\u00edmica<\/td>\n<td width=\"76\">1\u00ba M\u00f3dulo<\/td>\n<td width=\"65\">Noite<\/td>\n<\/tr>\n<\/tbody>\n<\/table>\n<p>&nbsp;<\/p>\n<p>&nbsp;<\/p>\n","protected":false},"excerpt":{"rendered":"<p>O Diretor da Escola T\u00e9cnica Estadual Irm\u00e3 Agostina, no uso de suas atribui\u00e7\u00f5es, CONVOCA os alunos abaixo relacionados para justificarem por escrito na secretaria acad\u00eamica, no prazo de 05 (cinco) dias \u00fateis, a contar da data de publica\u00e7\u00e3o da presente convoca\u00e7\u00e3o, a aus\u00eancia \u00e0s aulas por mais de 10 (dez) dias consecutivos. A falta de&nbsp;&hellip;<\/p>\n","protected":false},"author":1,"featured_media":0,"comment_status":"open","ping_status":"open","sticky":false,"template":"","format":"standard","meta":[],"categories":[2],"tags":[],"_links":{"self":[{"href":"https:\/\/etecia.com.br\/index.php?rest_route=\/wp\/v2\/posts\/2344"}],"collection":[{"href":"https:\/\/etecia.com.br\/index.php?rest_route=\/wp\/v2\/posts"}],"about":[{"href":"https:\/\/etecia.com.br\/index.php?rest_route=\/wp\/v2\/types\/post"}],"author":[{"embeddable":true,"href":"https:\/\/etecia.com.br\/index.php?rest_route=\/wp\/v2\/users\/1"}],"replies":[{"embeddable":true,"href":"https:\/\/etecia.com.br\/index.php?rest_route=%2Fwp%2Fv2%2Fcomments&post=2344"}],"version-history":[{"count":1,"href":"https:\/\/etecia.com.br\/index.php?rest_route=\/wp\/v2\/posts\/2344\/revisions"}],"predecessor-version":[{"id":2345,"href":"https:\/\/etecia.com.br\/index.php?rest_route=\/wp\/v2\/posts\/2344\/revisions\/2345"}],"wp:attachment":[{"href":"https:\/\/etecia.com.br\/index.php?rest_route=%2Fwp%2Fv2%2Fmedia&parent=2344"}],"wp:term":[{"taxonomy":"category","embeddable":true,"href":"https:\/\/etecia.com.br\/index.php?rest_route=%2Fwp%2Fv2%2Fcategories&post=2344"},{"taxonomy":"post_tag","embeddable":true,"href":"https:\/\/etecia.com.br\/index.php?rest_route=%2Fwp%2Fv2%2Ftags&post=2344"}],"curies":[{"name":"wp","href":"https:\/\/api.w.org\/{rel}","templated":true}]}}