{"id":2327,"date":"2017-10-05T11:38:08","date_gmt":"2017-10-05T14:38:08","guid":{"rendered":"https:\/\/etecirmaagostina.com.br\/?p=2327"},"modified":"2017-10-05T11:38:08","modified_gmt":"2017-10-05T14:38:08","slug":"nube-estagios-e-aprendizes","status":"publish","type":"post","link":"https:\/\/etecia.com.br\/?p=2327","title":{"rendered":"NUBE Est\u00e1gios e Aprendizes"},"content":{"rendered":"<p><strong>1- RAMO DA EMPRESA Nutri\u00e7\u00e3o. <\/strong><\/p>\n<p><strong>CURSOS &#8211; Nutri\u00e7\u00e3o e Diet\u00e9tica<\/strong>.<\/p>\n<p><strong>\u00a0REQUISITOS<\/strong> Concluir o curso do 1\u00b0 semestre de 2018 at\u00e9 o 1\u00b0 semestre de 2020. &#8211; Excel b\u00e1sico; &#8211; Possuir conhecimento te\u00f3rico em higiene dos alimentos ou gest\u00e3o UAN (Unidade de Alimenta\u00e7\u00e3o e Nutri\u00e7\u00e3o).<\/p>\n<p><strong>BENEF\u00cdCIOS<\/strong> &#8211; Bolsa aux\u00edlio no valor de R$ 600,00 por m\u00eas; &#8211; Restaurante no local; &#8211; Aux\u00edlio transporte; &#8211; Recesso remunerado; &#8211; <u>Possibilidade de prorroga\u00e7\u00e3o e efetiva\u00e7\u00e3o<\/u>.<\/p>\n<p><strong>HOR\u00c1RIO E LOCAL DE EST\u00c1GIO<\/strong> De segunda a sexta-feira, das 08h \u00e0s 14h. Vila Nova Concei\u00e7\u00e3o &#8211; S\u00e3o Paulo<\/p>\n<p>Anote o <strong>c\u00f3digo: 108133<\/strong> e ligue para (11) 3514-9300.<\/p>\n<p><strong>2- RAMO DA EMPRESA Com\u00e9rcio de alimentos naturais.<\/strong><\/p>\n<p><strong>CURSOS &#8211; T\u00e9cnico em Nutri\u00e7\u00e3o e Diet\u00e9tica<\/strong>; &#8211; Ensino M\u00e9dio Integrado a Nutri\u00e7\u00e3o e Diet\u00e9tica.<\/p>\n<p><strong>REQUISITOS<\/strong> Concluir o curso do 1\u00b0 semestre de 2018 at\u00e9 o 1\u00b0 semestre de 2020.<\/p>\n<p><strong>BENEF\u00cdCIOS<\/strong> &#8211; Bolsa aux\u00edlio no valor de R$ 850,00 por m\u00eas; &#8211; Aux\u00edlio transporte; &#8211; Recesso remunerado; &#8211; <u>Possibilidade de prorroga\u00e7\u00e3o e efetiva\u00e7\u00e3o<\/u>.<\/p>\n<p><strong>HOR\u00c1RIO E LOCAL DE EST\u00c1GIO<\/strong> De segunda a segunda-feira, das 11h \u00e0s 16h, com uma folga semanal em escala de revezamento. Penha de Fran\u00e7a &#8211; S\u00e3o Paulo<\/p>\n<p><strong>Anote o c\u00f3digo: 150361<\/strong> e ligue para (11) 3514-9300.<\/p>\n<p><strong>3- RAMO DA EMPRESA Com\u00e9rcio atacadista de equipamentos eletr\u00f4nicos. <\/strong><\/p>\n<p><strong>CURSOS &#8211; Inform\u00e1tica &#8211; n\u00edvel t\u00e9cnico.<\/strong><\/p>\n<p><strong>REQUISITOS<\/strong> Concluir o curso 2\u00b0 semestre de 2018 at\u00e9 o 1\u00b0 semestre de 2020.<\/p>\n<p><strong>BENEF\u00cdCIOS <\/strong>&#8211; Bolsa aux\u00edlio no valor de R$ 650,00 por m\u00eas; &#8211; Aux\u00edlio transporte; &#8211; Recesso remunerado; &#8211; <u>Possibilidade de prorroga\u00e7\u00e3o e efetiva\u00e7\u00e3o.<\/u><\/p>\n<p><strong>HOR\u00c1RIO E LOCAL DE EST\u00c1GIO<\/strong> De segunda a sexta-feira, das 9h \u00e0s 16h30, com 1h30 de intervalo. Vila Dom Pedro I &#8211; S\u00e3o Paulo<\/p>\n<p>Anote o c\u00f3digo: 109394 e ligue para (11) 3514-9300.<\/p>\n<p><strong>4- RAMO DA EMPRESA Repara\u00e7\u00e3o e manuten\u00e7\u00e3o de equipamentos eletroeletr\u00f4nicos de uso pessoal e dom\u00e9stico. <\/strong><\/p>\n<p><strong>CURSOS &#8211; T\u00e9cnico em Inform\u00e1tica; &#8211; T\u00e9cnico em Sistemas de Informa\u00e7\u00e3o; &#8211; T\u00e9cnico em Redes de Computadores; &#8211; Ensino M\u00e9dio Integrado a Inform\u00e1tica.<\/strong><\/p>\n<p><strong>REQUISITOS<\/strong> Concluir o curso do 1\u00b0 semestre de 2018 at\u00e9 o 2\u00b0 semestre de 2019. &#8211; Word e Windows b\u00e1sico.<\/p>\n<p><strong>BENEF\u00cdCIOS<\/strong> &#8211; Bolsa aux\u00edlio no valor de R$ 650,00 por m\u00eas; &#8211; Aux\u00edlio transporte; &#8211; Recesso remunerado; &#8211; <u>Possibilidade de prorroga\u00e7\u00e3o e efetiva\u00e7\u00e3o. <\/u><\/p>\n<p><strong>HOR\u00c1RIO E LOCAL DE EST\u00c1GIO<\/strong> De segunda a sexta-feira, das 11h \u00e0s 17h. Cidade Mon\u00e7\u00f5es &#8211; S\u00e3o Paulo<\/p>\n<p>Anote o c\u00f3digo: 150810 e ligue para (11) 3514-9300<\/p>\n<p><strong>5- RAMO DA EMPRESA Estudo e fabrica\u00e7\u00e3o de prot\u00f3tipos de produ\u00e7\u00e3o em condi\u00e7\u00e3o industrial. Refer\u00eancia no ramo, de origem alem\u00e3<\/strong>.<\/p>\n<p><strong>CURSOS &#8211; Gest\u00e3o Empresarial; &#8211; T\u00e9cnico em Administra\u00e7\u00e3o; &#8211; Ensino M\u00e9dio integrado a Administra\u00e7\u00e3o.<\/strong><\/p>\n<p><strong>REQUISITOS<\/strong> Concluir o curso do 2\u00b0 semestre de 2017 at\u00e9 o 1\u00b0 semestre de 2020.<\/p>\n<p><strong>BENEF\u00cdCIOS<\/strong> &#8211; Sal\u00e1rio de R$ 590,00 por m\u00eas; &#8211; Vale transporte; &#8211; Contrata\u00e7\u00e3o em regime CLT.<\/p>\n<p><strong>HOR\u00c1RIO E LOCAL<\/strong> De segunda a sexta-feira, 4h di\u00e1rias a combinar com a empresa. Vila Santa Catarina &#8211; S\u00e3o Paulo<\/p>\n<p>Anote o c\u00f3digo: 152232 e ligue para (11) 3514-9300. Cadastro gratuito e consulta de vagas: <a href=\"http:\/\/www.nube.com.br\">www.nube.com.br<\/a><\/p>\n<p>&nbsp;<\/p>\n<p>&nbsp;<\/p>\n<p><span style=\"color: #0000ff;\">Elizabel Cristina de Souza<\/span><\/p>\n<p><span style=\"color: #0000ff;\">Relacionamento de Est\u00e1gios &#8211; Etec Irm\u00e3 Agostina<\/span><\/p>\n<p><span style=\"color: #0000ff;\">elizabel.souza@etec.sp.gov.br<\/span><\/p>\n","protected":false},"excerpt":{"rendered":"<p>1- RAMO DA EMPRESA Nutri\u00e7\u00e3o. CURSOS &#8211; Nutri\u00e7\u00e3o e Diet\u00e9tica. \u00a0REQUISITOS Concluir o curso do 1\u00b0 semestre de 2018 at\u00e9 o 1\u00b0 semestre de 2020. &#8211; Excel b\u00e1sico; &#8211; Possuir conhecimento te\u00f3rico em higiene dos alimentos ou gest\u00e3o UAN (Unidade de Alimenta\u00e7\u00e3o e Nutri\u00e7\u00e3o). BENEF\u00cdCIOS &#8211; Bolsa aux\u00edlio no valor de R$ 600,00 por m\u00eas;&nbsp;&hellip;<\/p>\n","protected":false},"author":1,"featured_media":0,"comment_status":"open","ping_status":"open","sticky":false,"template":"","format":"standard","meta":[],"categories":[6],"tags":[],"_links":{"self":[{"href":"https:\/\/etecia.com.br\/index.php?rest_route=\/wp\/v2\/posts\/2327"}],"collection":[{"href":"https:\/\/etecia.com.br\/index.php?rest_route=\/wp\/v2\/posts"}],"about":[{"href":"https:\/\/etecia.com.br\/index.php?rest_route=\/wp\/v2\/types\/post"}],"author":[{"embeddable":true,"href":"https:\/\/etecia.com.br\/index.php?rest_route=\/wp\/v2\/users\/1"}],"replies":[{"embeddable":true,"href":"https:\/\/etecia.com.br\/index.php?rest_route=%2Fwp%2Fv2%2Fcomments&post=2327"}],"version-history":[{"count":5,"href":"https:\/\/etecia.com.br\/index.php?rest_route=\/wp\/v2\/posts\/2327\/revisions"}],"predecessor-version":[{"id":2332,"href":"https:\/\/etecia.com.br\/index.php?rest_route=\/wp\/v2\/posts\/2327\/revisions\/2332"}],"wp:attachment":[{"href":"https:\/\/etecia.com.br\/index.php?rest_route=%2Fwp%2Fv2%2Fmedia&parent=2327"}],"wp:term":[{"taxonomy":"category","embeddable":true,"href":"https:\/\/etecia.com.br\/index.php?rest_route=%2Fwp%2Fv2%2Fcategories&post=2327"},{"taxonomy":"post_tag","embeddable":true,"href":"https:\/\/etecia.com.br\/index.php?rest_route=%2Fwp%2Fv2%2Ftags&post=2327"}],"curies":[{"name":"wp","href":"https:\/\/api.w.org\/{rel}","templated":true}]}}