{"id":2319,"date":"2017-10-02T15:41:25","date_gmt":"2017-10-02T18:41:25","guid":{"rendered":"https:\/\/etecirmaagostina.com.br\/?p=2319"},"modified":"2017-10-02T15:41:25","modified_gmt":"2017-10-02T18:41:25","slug":"convocacao-de-alunos-faltosos-3","status":"publish","type":"post","link":"https:\/\/etecia.com.br\/?p=2319","title":{"rendered":"Convoca\u00e7\u00e3o de Alunos Faltosos"},"content":{"rendered":"<p>O Diretor da Escola T\u00e9cnica Estadual Irm\u00e3 Agostina, no uso de suas atribui\u00e7\u00f5es, <strong>CONVOCA<\/strong> os alunos abaixo relacionados para justificarem por escrito na secretaria acad\u00eamica, no prazo de 05 (cinco) dias \u00fateis, a contar da data de publica\u00e7\u00e3o da presente convoca\u00e7\u00e3o, a aus\u00eancia \u00e0s aulas por mais de 15 (quinze) dias consecutivos.<\/p>\n<p>A falta de justificativa implicar\u00e1 na perda do direito \u00e0 vaga, conforme disp\u00f5e o <em>\u00a7 2\u00ba do Artigo 57 do Regimento Comum das Etecs do CEETEPS<\/em>.<\/p>\n<p>&nbsp;<\/p>\n<p>&nbsp;<\/p>\n<table width=\"696\">\n<tbody>\n<tr>\n<td width=\"77\"><strong>RM<\/strong><\/td>\n<td width=\"318\"><strong>Nome do Aluno<\/strong><\/td>\n<td width=\"161\"><strong>Curso<\/strong><\/td>\n<td width=\"76\"><strong>S\u00e9rie\/M\u00f3d.<\/strong><\/td>\n<td width=\"65\"><strong>Per\u00edodo<\/strong><\/td>\n<\/tr>\n<tr>\n<td width=\"77\">17558<\/td>\n<td width=\"318\">RICHARD BATISTA MORAES SILVA<\/td>\n<td width=\"161\">T\u00e9c. Administra\u00e7\u00e3o<\/td>\n<td width=\"76\">1L<\/td>\n<td width=\"65\">Noite<\/td>\n<\/tr>\n<tr>\n<td width=\"77\">17105<\/td>\n<td width=\"318\">VICTOR MIGUEL GRACIANI SCHULTZ<\/td>\n<td width=\"161\">T\u00e9c. Administra\u00e7\u00e3o<\/td>\n<td width=\"76\">2L<\/td>\n<td width=\"65\">Noite<\/td>\n<\/tr>\n<tr>\n<td width=\"77\">17674<\/td>\n<td width=\"318\">GERALDO PIRES RAMOS<\/td>\n<td width=\"161\">T\u00e9c. Inform\u00e1tica<\/td>\n<td width=\"76\">1H<\/td>\n<td width=\"65\">Noite<\/td>\n<\/tr>\n<tr>\n<td width=\"77\">17598<\/td>\n<td width=\"318\">JEFERSON FERREIRA DA SILVA<\/td>\n<td width=\"161\">T\u00e9c. Inform\u00e1tica<\/td>\n<td width=\"76\">1H<\/td>\n<td width=\"65\">Noite<\/td>\n<\/tr>\n<tr>\n<td width=\"77\">17665<\/td>\n<td width=\"318\">JAQUELINE SILVERIO FORTUNATO<\/td>\n<td width=\"161\">T\u00e9c. Nutri\u00e7\u00e3o<\/td>\n<td width=\"76\">1N<\/td>\n<td width=\"65\">Noite<\/td>\n<\/tr>\n<tr>\n<td width=\"77\">17690<\/td>\n<td width=\"318\">SILVIA LETICIA MONTEIRO DA SILVA<\/td>\n<td width=\"161\">T\u00e9c. Nutri\u00e7\u00e3o<\/td>\n<td width=\"76\">2N<\/td>\n<td width=\"65\">Noite<\/td>\n<\/tr>\n<tr>\n<td width=\"77\">17513<\/td>\n<td width=\"318\">HELIONEY DE PAULA MASCENA<\/td>\n<td width=\"161\">T\u00e9c. Qu\u00edmica<\/td>\n<td width=\"76\">1J<\/td>\n<td width=\"65\">Noite<\/td>\n<\/tr>\n<tr>\n<td width=\"77\">17680<\/td>\n<td width=\"318\">REGINA BARBOSA DA SILVA<\/td>\n<td width=\"161\">T\u00e9c. Qu\u00edmica<\/td>\n<td width=\"76\">1J<\/td>\n<td width=\"65\">Noite<\/td>\n<\/tr>\n<tr>\n<td width=\"77\">16580<\/td>\n<td width=\"318\">EDBERG COSTA QUEIROZ<\/td>\n<td width=\"161\">T\u00e9c. Qu\u00edmica<\/td>\n<td width=\"76\">2J<\/td>\n<td width=\"65\">Noite<\/td>\n<\/tr>\n<tr>\n<td width=\"77\">17689<\/td>\n<td width=\"318\">LARISSA SANTI FERREIRA<\/td>\n<td width=\"161\">T\u00e9c. Qu\u00edmica<\/td>\n<td width=\"76\">2J<\/td>\n<td width=\"65\">Noite<\/td>\n<\/tr>\n<tr>\n<td width=\"77\">17223<\/td>\n<td width=\"318\">RENATO ALENCAR DE OLIVEIRA<\/td>\n<td width=\"161\">T\u00e9c. Qu\u00edmica<\/td>\n<td width=\"76\">2J<\/td>\n<td width=\"65\">Noite<\/td>\n<\/tr>\n<tr>\n<td width=\"77\">16091<\/td>\n<td width=\"318\">LETICIA DA SILVA PEREIRA<\/td>\n<td width=\"161\">T\u00e9c. Qu\u00edmica<\/td>\n<td width=\"76\">4J<\/td>\n<td width=\"65\">Noite<\/td>\n<\/tr>\n<tr>\n<td width=\"77\">16063<\/td>\n<td width=\"318\">ISABELLA ANGELO TIBOLLA<\/td>\n<td width=\"161\">T\u00e9c. Qu\u00edmica<\/td>\n<td width=\"76\">4J<\/td>\n<td width=\"65\">Noite<\/td>\n<\/tr>\n<\/tbody>\n<\/table>\n<p>&nbsp;<\/p>\n<p>&nbsp;<\/p>\n<p>&nbsp;<\/p>\n<p>&nbsp;<\/p>\n<p>&nbsp;<\/p>\n<p>S\u00e3o Paulo, 02 de outubro de 2017<\/p>\n","protected":false},"excerpt":{"rendered":"<p>O Diretor da Escola T\u00e9cnica Estadual Irm\u00e3 Agostina, no uso de suas atribui\u00e7\u00f5es, CONVOCA os alunos abaixo relacionados para justificarem por escrito na secretaria acad\u00eamica, no prazo de 05 (cinco) dias \u00fateis, a contar da data de publica\u00e7\u00e3o da presente convoca\u00e7\u00e3o, a aus\u00eancia \u00e0s aulas por mais de 15 (quinze) dias consecutivos. A falta de&nbsp;&hellip;<\/p>\n","protected":false},"author":1,"featured_media":0,"comment_status":"open","ping_status":"open","sticky":false,"template":"","format":"standard","meta":[],"categories":[2],"tags":[],"_links":{"self":[{"href":"https:\/\/etecia.com.br\/index.php?rest_route=\/wp\/v2\/posts\/2319"}],"collection":[{"href":"https:\/\/etecia.com.br\/index.php?rest_route=\/wp\/v2\/posts"}],"about":[{"href":"https:\/\/etecia.com.br\/index.php?rest_route=\/wp\/v2\/types\/post"}],"author":[{"embeddable":true,"href":"https:\/\/etecia.com.br\/index.php?rest_route=\/wp\/v2\/users\/1"}],"replies":[{"embeddable":true,"href":"https:\/\/etecia.com.br\/index.php?rest_route=%2Fwp%2Fv2%2Fcomments&post=2319"}],"version-history":[{"count":1,"href":"https:\/\/etecia.com.br\/index.php?rest_route=\/wp\/v2\/posts\/2319\/revisions"}],"predecessor-version":[{"id":2320,"href":"https:\/\/etecia.com.br\/index.php?rest_route=\/wp\/v2\/posts\/2319\/revisions\/2320"}],"wp:attachment":[{"href":"https:\/\/etecia.com.br\/index.php?rest_route=%2Fwp%2Fv2%2Fmedia&parent=2319"}],"wp:term":[{"taxonomy":"category","embeddable":true,"href":"https:\/\/etecia.com.br\/index.php?rest_route=%2Fwp%2Fv2%2Fcategories&post=2319"},{"taxonomy":"post_tag","embeddable":true,"href":"https:\/\/etecia.com.br\/index.php?rest_route=%2Fwp%2Fv2%2Ftags&post=2319"}],"curies":[{"name":"wp","href":"https:\/\/api.w.org\/{rel}","templated":true}]}}