{"id":2260,"date":"2017-07-28T11:46:58","date_gmt":"2017-07-28T14:46:58","guid":{"rendered":"https:\/\/etecirmaagostina.com.br\/?p=2260"},"modified":"2017-07-28T11:46:58","modified_gmt":"2017-07-28T14:46:58","slug":"edital-de-deferimento-e-indeferimento-de-inscricoes-e-convocacao-para-a-prova-escrita-apfq-ii","status":"publish","type":"post","link":"https:\/\/etecia.com.br\/?p=2260","title":{"rendered":"EDITAL DE DEFERIMENTO E INDEFERIMENTO DE INSCRI\u00c7\u00d5ES E CONVOCA\u00c7\u00c3O PARA A PROVA ESCRITA (APFQ-II)"},"content":{"rendered":"<p><strong>\u00a0<\/strong><\/p>\n<p><strong>\u00a0<\/strong><\/p>\n<p><strong>ETEC IRM\u00c3 AGOSTINA\u00a0\u00a0 &#8211;\u00a0 <\/strong>S\u00c3O PAULO<\/p>\n<p><strong>\u00a0<\/strong><\/p>\n<p><strong>CONCURSO P\u00daBLICO DE PROFESSOR DE ENSINO M\u00c9DIO E T\u00c9CNICO &#8211; EDITAL N\u00ba 238\/02\/2017 &#8211; \u00a0PROCESSO N\u00ba 0004181\/2017 <\/strong><\/p>\n<p><strong>\u00a0<\/strong><\/p>\n<p><strong>AUTORIZA\u00c7\u00c3O GOVERNAMENTAL:<\/strong><\/p>\n<p><strong>\u00a0<\/strong><\/p>\n<p><strong>DESPACHO PUBLICADO NO DOE DE 26\/05\/2015, SE\u00c7\u00c3O I, P\u00c1GINA 1 \u2013 PROCESSO N\u00ba 5.976\/2014 (SGP-10.908-15) <\/strong><\/p>\n<p><strong>\u00a0<\/strong><\/p>\n<p><strong>EDITAL DE DEFERIMENTO E INDEFERIMENTO DE INSCRI\u00c7\u00d5ES E CONVOCA\u00c7\u00c3O PARA A PROVA ESCRITA.<\/strong><\/p>\n<p>&nbsp;<\/p>\n<p>A Comiss\u00e3o Especial de Concurso P\u00fablico da ETEC Irm\u00e3 Agostina comunica aos candidatos abaixo relacionados o deferimento e indeferimento das inscri\u00e7\u00f5es e convoca para a Prova Escrita, a ser realizada na ETEC Irm\u00e3 Agostina, sita na Av. Feliciano Correia, s n\u00ba, S\u00e3o Paulo. Os candidatos convocados atender\u00e3o ao disposto no item 9 do Cap\u00edtulo X do Edital de Abertura de Inscri\u00e7\u00f5es.<\/p>\n<p>&nbsp;<\/p>\n<p><strong>&#8211; COMPONENTE CURRICULAR: An\u00e1lise de Processos F\u00edsicos \u2013 Qu\u00edmico II \u2013 (T\u00e9cnico em Qu\u00edmica) \u2013 01\/2,5 \u2013 Noturno.<\/strong><\/p>\n<p>&nbsp;<\/p>\n<p>INSCRI\u00c7\u00c3O(\u00d5ES) DEFERIDA(S):<\/p>\n<p>N\u00ba de Inscri\u00e7\u00e3o\/Nome ou Nome Social\/ D.I. \u2013 Tipo\/ CPF:<\/p>\n<p>01\/Felipe Souza Antonino\/46.623.645-1-RG\/\/230.792.128.19.<\/p>\n<p>02\/Rogerio Suzarte de Lima\/30.832.464-X-RG\/275.867.358-40.<\/p>\n<p>03\/Ricardo Santos de Oliveira\/47.728.911-3-RG\/396.795.958-97.<\/p>\n<p>04\/Patr\u00edcia Jaqueline Arakaki\/42.347.797-3-RG\/335.359.008-08.<\/p>\n<p>05\/Thais Taciano dos Santos\/41.195.284-5-RG\/353.988.438-69.<\/p>\n<p>06\/Alessandro de Sant Anna Euzebio\/24.841.059-3-RG\/262.988.408-26.<\/p>\n<p>07\/Danieli Melo de Freitas\/24.260.829-2-RG\/306.568.988-01.<\/p>\n<p>08\/Daniela Machado\/48.215.273-4-RG\/418.677.378-50.<\/p>\n<p>09\/Manoel Messias Brilhante\/22.883.504-5-RG\/161.426.548-80.<\/p>\n<p>10\/Jacinete Lima dos Santos\/19.227.685 -2-RG\/102.989.058-76.<\/p>\n<p>11\/Viviane Cristina Tadeu da Silva\/26.827.140-9-RG\/160.934.548-78.<\/p>\n<p>12\/Agnes Araujo Sardinha Pinto\/39.810.149-8-RG\/414.850.088-24.<\/p>\n<p>13\/Vanessa do Nascimento Linhares\/20.942.363-1-RG\/108.003.947-39<\/p>\n<p>14\/Roberta Tavares Costa\/30.749.946-7-RG\/334.132.018-08.<\/p>\n<p>15\/Elierge Barros Costa\/3.766.713-RG\/519.045.432-00.<\/p>\n<p>16\/Mara Yoshino de Castro\/34.360.976-9-RG\/310.466.208-86.<\/p>\n<p>17\/ Antonio Jos\u00e9 Rolim\/5.866.212-1-RG\/674.137.228-87.<\/p>\n<p>&nbsp;<\/p>\n<p>&nbsp;<\/p>\n<p>DATA: 05\/08\/2017.<\/p>\n<p>HOR\u00c1RIO: 13:00 horas.<\/p>\n<p>DURA\u00c7\u00c3O: 3 horas.<\/p>\n<p>&nbsp;<\/p>\n<p><strong>ANEXO VII \u2013 A QUE SE REFERE O ITEM 4, DO CAP\u00cdTULO X \u2013 DAS PROVAS, DO EDITAL N\u00ba 238\/02\/2017<\/strong><\/p>\n<p><strong>COMPONENTE CURRICULAR<\/strong><\/p>\n<p><strong>AN\u00c1LISE DE PROCESSOS F\u00cdSICO-QU\u00cdMICOS II<\/strong><\/p>\n<p><strong>PROGRAMAS DAS PROVAS<\/strong><\/p>\n<ul>\n<li>Termoqu\u00edmica:<\/li>\n<\/ul>\n<p>.\u00a0 Processos endot\u00e9rmicos e exot\u00e9rmicos;<\/p>\n<p>.\u00a0 Calor de rea\u00e7\u00e3o e entalpia;<\/p>\n<p>.\u00a0 Equa\u00e7\u00f5es termoqu\u00edmicas;<\/p>\n<p>. Leis da termoqu\u00edmica.<\/p>\n<p>2\u00a0 Cin\u00e9tica qu\u00edmica:;<\/p>\n<p>. Introdu\u00e7\u00e3o \u00e0 teoria das colis\u00f5es;<\/p>\n<p>. Velocidade das rea\u00e7\u00f5es;<\/p>\n<p>. Fatores que afetam a velocidade das rea\u00e7\u00f5es.<\/p>\n<p>3 \u2013 Equil\u00edbrio qu\u00edmico:<\/p>\n<p>&#8211; Equil\u00edbrio homog\u00eaneo:<\/p>\n<p>equil\u00edbrio molecular;<\/p>\n<p>constante de equil\u00edbrio;<\/p>\n<p>deslocamento de equil\u00edbrio;<\/p>\n<p>efeito do ion comum;<\/p>\n<p>equil\u00edbrio i\u00f4nico \u2013 Constante de Equil\u00edbrio de \u00e1cidos e bases (Ka e Kb);<\/p>\n<p>equil\u00edbrio i\u00f4nico da \u00e1gua \u2013 produto i\u00f4nico da \u00e1gua (Kw); pH e pOH; indicadores de pH;<\/p>\n<p>Sistemas-tamp\u00e3o; Hidr\u00f3lise de sais \u2013 constante de hidr\u00f3lise (Kh);<\/p>\n<p>Previs\u00e3o de car\u00e1ter \u00e1cido, alcalino ou neutro de solu\u00e7\u00f5es salinas.<\/p>\n<p>&#8211; Equil\u00edbrio heterog\u00eaneo: produto de solubilidade e Kps.<\/p>\n<p>Lei Federal 12.527, de 18-11-2011 (Lei de Acesso a Informa\u00e7\u00e3o) e do Decreto 58.052, de 16-05-2012, que regulamenta a referida Lei no \u00e2mbito do Estado de S\u00e3o Paulo, al\u00e9m dos conhecimentos espec\u00edficos do componente curricular objeto de concurso p\u00fablico.<\/p>\n<p>&nbsp;<\/p>\n<p>&nbsp;<\/p>\n<p>S\u00e3o Paulo, 26\/07\/2017<\/p>\n","protected":false},"excerpt":{"rendered":"<p>\u00a0 \u00a0 ETEC IRM\u00c3 AGOSTINA\u00a0\u00a0 &#8211;\u00a0 S\u00c3O PAULO \u00a0 CONCURSO P\u00daBLICO DE PROFESSOR DE ENSINO M\u00c9DIO E T\u00c9CNICO &#8211; EDITAL N\u00ba 238\/02\/2017 &#8211; \u00a0PROCESSO N\u00ba 0004181\/2017 \u00a0 AUTORIZA\u00c7\u00c3O GOVERNAMENTAL: \u00a0 DESPACHO PUBLICADO NO DOE DE 26\/05\/2015, SE\u00c7\u00c3O I, P\u00c1GINA 1 \u2013 PROCESSO N\u00ba 5.976\/2014 (SGP-10.908-15) \u00a0 EDITAL DE DEFERIMENTO E INDEFERIMENTO DE INSCRI\u00c7\u00d5ES E CONVOCA\u00c7\u00c3O&nbsp;&hellip;<\/p>\n","protected":false},"author":1,"featured_media":0,"comment_status":"open","ping_status":"open","sticky":false,"template":"","format":"standard","meta":[],"categories":[8,2],"tags":[],"_links":{"self":[{"href":"https:\/\/etecia.com.br\/index.php?rest_route=\/wp\/v2\/posts\/2260"}],"collection":[{"href":"https:\/\/etecia.com.br\/index.php?rest_route=\/wp\/v2\/posts"}],"about":[{"href":"https:\/\/etecia.com.br\/index.php?rest_route=\/wp\/v2\/types\/post"}],"author":[{"embeddable":true,"href":"https:\/\/etecia.com.br\/index.php?rest_route=\/wp\/v2\/users\/1"}],"replies":[{"embeddable":true,"href":"https:\/\/etecia.com.br\/index.php?rest_route=%2Fwp%2Fv2%2Fcomments&post=2260"}],"version-history":[{"count":1,"href":"https:\/\/etecia.com.br\/index.php?rest_route=\/wp\/v2\/posts\/2260\/revisions"}],"predecessor-version":[{"id":2261,"href":"https:\/\/etecia.com.br\/index.php?rest_route=\/wp\/v2\/posts\/2260\/revisions\/2261"}],"wp:attachment":[{"href":"https:\/\/etecia.com.br\/index.php?rest_route=%2Fwp%2Fv2%2Fmedia&parent=2260"}],"wp:term":[{"taxonomy":"category","embeddable":true,"href":"https:\/\/etecia.com.br\/index.php?rest_route=%2Fwp%2Fv2%2Fcategories&post=2260"},{"taxonomy":"post_tag","embeddable":true,"href":"https:\/\/etecia.com.br\/index.php?rest_route=%2Fwp%2Fv2%2Ftags&post=2260"}],"curies":[{"name":"wp","href":"https:\/\/api.w.org\/{rel}","templated":true}]}}