{"id":226,"date":"2012-08-02T14:30:56","date_gmt":"2012-08-02T17:30:56","guid":{"rendered":"http:\/\/etecia.com.br\/portaletecia\/?p=226"},"modified":"2012-08-02T14:30:56","modified_gmt":"2012-08-02T17:30:56","slug":"tcc-estudo-de-caso-de-inclusao-digital","status":"publish","type":"post","link":"https:\/\/etecia.com.br\/?p=226","title":{"rendered":"TCC &#8211; Estudo de Caso de Inclus\u00e3o Digital &#8230;"},"content":{"rendered":"<p><strong>Autores:<\/strong>\u00a0C\u00c1SSIO GERALDO DA SILVA,\u00a0CIBELE FERREIRA,\u00a0HERBERT OLIVEIRA CARVALHO,\u00a0ITAMAR ROMERO,\u00a0VIN\u00cdCIUS ALVES NASCIMENTO<\/p>\n<p><strong>E-mail:<\/strong><\/p>\n<p><strong>Curso:<\/strong>\u00a0T\u00e9cnico em Inform\u00e1tica<\/p>\n<p><strong>\u00c1rea do Conhecimento:<\/strong>\u00a0Programa\u00e7\u00e3o em Visual Basic<\/p>\n<p><strong>Data de Defesa:<\/strong>\u00a023 de junho de 2012<\/p>\n<p><strong>Imprenta:<\/strong>\u00a0S\u00e3o Paulo, 2012<\/p>\n<p><strong>Orientador:<\/strong>\u00a0Jo\u00e3o Carlos Lima e Silva<\/p>\n<p><strong>Banca examinadora:<\/strong><br \/>\nJo\u00e3o Carlos Lima e Silva<br \/>\nLuiz Roberto Camilo<br \/>\nEdigar Herculano Ribeiro J\u00fanior<\/p>\n<p><strong>T\u00edtulo:\u00a0<\/strong>\u201cESTUDO DE CASO DE INCLUS\u00c3O DIGITAL E ACESSO AS\u00a0TECNOLOGIAS DA INFORMA\u00c7\u00c3O E DESENVOLVIMENTO DE UM\u00a0APLICATIVO PARA AUXILIO COMO FERRAMENTA DE APOIO\u201d<\/p>\n<p><strong>Palavras-chave:<\/strong>\u00a0internet, inclus\u00e3o digital, telecentros, tecnol\u00f3gicos.<\/p>\n<p><strong>Resumo:<\/strong><\/p>\n<div>\n<p>Essa pesquisa objetivou avaliar o uso dos Telecentros como ferramenta tecnol\u00f3gica para o processo de inclus\u00e3o digital das novas tecnologias. Observou-se que o acesso cotidiano \u00e0s redes, os equipamentos e o dom\u00ednio das habilidades relacionadas \u00e0s tecnologias de informa\u00e7\u00e3o e comunica\u00e7\u00e3o (TICs) \u00e9 requisito indispens\u00e1vel \u00e0 integra\u00e7\u00e3o social. No dia de hoje a inclus\u00e3o digital \u00e9 de grande import\u00e2ncia para sociedade, auxiliando em seu desenvolvimento cultural e pessoal, independente das origens, classes ou segmentos. Um \u201cinclu\u00eddo\u201d digitalmente \u00e9 o indiv\u00edduo que tem acesso as novas tecnologias e sabe usufru\u00ed-las, permitindo uma melhoria nas suas condi\u00e7\u00f5es de vida. N\u00e3o basta apenas ter um computador, mas saber fazer uso de suas ferramentas.<br \/>\nPor meio de uma pesquisa de campo observou-se que, muitas pessoas, mesmo que sejam frequentadores dos telecentros possuem dificuldade em desempenhar algumas atividades relacionadas na manipula\u00e7\u00e3o do teclado e do mouse.<br \/>\nAtrav\u00e9s do resultado da pesquisa realizada foi elaborada, para auxiliar no desenvolvimento desse aprendizado, uma cartilha com conte\u00fado pr\u00e1tico e simples e dois aplicativos de jogos para conhecimento tanto do teclado como do mouse. Com os avan\u00e7os da tecnologia nos dias de hoje pode-se dizer que a internet trouxe impactos inimagin\u00e1veis para a sociedade. Diante de uma sociedade conectada, com e-mails, celulares, chats, buscadores de informa\u00e7\u00e3o, sites de not\u00edcia, comunidades online, sms, Messenger e outras ferramentas que at\u00e9 pouco tempo n\u00e3o faziam parte de nossa rotina di\u00e1ria de trabalho e lazer. Com isso aquele que n\u00e3o tem acesso \u00e0s novas tecnologias pode ser considerado um exclu\u00eddo digital.<br \/>\nEnsinar a sociedade digital n\u00e3o \u00e9 apenas mostrar como usar os recursos tecnol\u00f3gicos. \u00c9 preparar cidad\u00e3os digitais para um novo mercado de trabalho que exige postura adequada, seguran\u00e7a da informa\u00e7\u00e3o, respeito \u00e0s leis, inclusive na Internet, acompanhando as transforma\u00e7\u00f5es e sendo parte delas de modo respons\u00e1vel, \u00e9tico e legal.<\/p>\n<p>Arquivo completo do TCC:\u00a0<a href=\"http:\/\/etecia.com.br\/portaletecia\/wp-content\/uploads\/2012\/08\/Inclus\u00e3o-Digital.pdf\">Inclus\u00e3o Digital<\/a><\/p>\n<\/div>\n<p><span style=\"color: #ff0000;\"><strong>AVISO \u2013 A consulta a este documento fica condicionada na aceita\u00e7\u00e3o das seguintes condi\u00e7\u00f5es de uso:<\/strong><\/span><br \/>\nEste trabalho \u00e9 somente para uso privado de atividades de pesquisa e ensino. N\u00e3o \u00e9 autorizada sua reprodu\u00e7\u00e3o para quaisquer fins lucrativos. Esta reserva de direitos abrange a todos os dados do documento bem como seu conte\u00fado. Na utiliza\u00e7\u00e3o ou cita\u00e7\u00e3o de partes do documento \u00e9 obrigat\u00f3rio mencionar nome da pessoa autora do trabalho.<\/p>\n","protected":false},"excerpt":{"rendered":"<p>Autores:\u00a0C\u00c1SSIO GERALDO DA SILVA,\u00a0CIBELE FERREIRA,\u00a0HERBERT OLIVEIRA CARVALHO,\u00a0ITAMAR ROMERO,\u00a0VIN\u00cdCIUS ALVES NASCIMENTO E-mail: Curso:\u00a0T\u00e9cnico em Inform\u00e1tica \u00c1rea do Conhecimento:\u00a0Programa\u00e7\u00e3o em Visual Basic Data de Defesa:\u00a023 de junho de 2012 Imprenta:\u00a0S\u00e3o Paulo, 2012 Orientador:\u00a0Jo\u00e3o Carlos Lima e Silva Banca examinadora: Jo\u00e3o Carlos Lima e Silva Luiz Roberto Camilo Edigar Herculano Ribeiro J\u00fanior T\u00edtulo:\u00a0\u201cESTUDO DE CASO DE INCLUS\u00c3O DIGITAL&nbsp;&hellip;<\/p>\n","protected":false},"author":1,"featured_media":0,"comment_status":"open","ping_status":"open","sticky":false,"template":"","format":"standard","meta":[],"categories":[3,4],"tags":[],"_links":{"self":[{"href":"https:\/\/etecia.com.br\/index.php?rest_route=\/wp\/v2\/posts\/226"}],"collection":[{"href":"https:\/\/etecia.com.br\/index.php?rest_route=\/wp\/v2\/posts"}],"about":[{"href":"https:\/\/etecia.com.br\/index.php?rest_route=\/wp\/v2\/types\/post"}],"author":[{"embeddable":true,"href":"https:\/\/etecia.com.br\/index.php?rest_route=\/wp\/v2\/users\/1"}],"replies":[{"embeddable":true,"href":"https:\/\/etecia.com.br\/index.php?rest_route=%2Fwp%2Fv2%2Fcomments&post=226"}],"version-history":[{"count":0,"href":"https:\/\/etecia.com.br\/index.php?rest_route=\/wp\/v2\/posts\/226\/revisions"}],"wp:attachment":[{"href":"https:\/\/etecia.com.br\/index.php?rest_route=%2Fwp%2Fv2%2Fmedia&parent=226"}],"wp:term":[{"taxonomy":"category","embeddable":true,"href":"https:\/\/etecia.com.br\/index.php?rest_route=%2Fwp%2Fv2%2Fcategories&post=226"},{"taxonomy":"post_tag","embeddable":true,"href":"https:\/\/etecia.com.br\/index.php?rest_route=%2Fwp%2Fv2%2Ftags&post=226"}],"curies":[{"name":"wp","href":"https:\/\/api.w.org\/{rel}","templated":true}]}}