{"id":2258,"date":"2017-07-28T11:46:06","date_gmt":"2017-07-28T14:46:06","guid":{"rendered":"https:\/\/etecirmaagostina.com.br\/?p=2258"},"modified":"2017-07-28T11:46:06","modified_gmt":"2017-07-28T14:46:06","slug":"edital-de-deferimento-e-indeferimento-de-inscricoes-e-convocacao-para-a-prova-escrita-educacao-fisica","status":"publish","type":"post","link":"https:\/\/etecia.com.br\/?p=2258","title":{"rendered":"EDITAL DE DEFERIMENTO E INDEFERIMENTO DE INSCRI\u00c7\u00d5ES E CONVOCA\u00c7\u00c3O PARA A PROVA ESCRITA (EDUCA\u00c7\u00c3O F\u00cdSICA)"},"content":{"rendered":"<p><strong>\u00a0<\/strong><\/p>\n<p><strong>\u00a0<\/strong><\/p>\n<p><strong>ETEC IRM\u00c3 AGOSTINA\u00a0\u00a0 &#8211;\u00a0 <\/strong>S\u00c3O PAULO<\/p>\n<p><strong>\u00a0<\/strong><\/p>\n<p><strong>CONCURSO P\u00daBLICO DE PROFESSOR DE ENSINO M\u00c9DIO E T\u00c9CNICO &#8211; EDITAL N\u00ba 238\/03\/2017 &#8211; \u00a0PROCESSO N\u00ba 0004182\/2017 <\/strong><\/p>\n<p><strong>\u00a0<\/strong><\/p>\n<p><strong>AUTORIZA\u00c7\u00c3O GOVERNAMENTAL:<\/strong><\/p>\n<p><strong>\u00a0<\/strong><\/p>\n<p><strong>DESPACHO PUBLICADO NO DOE DE 26\/05\/2015, SE\u00c7\u00c3O I, P\u00c1GINA 1 \u2013 PROCESSO N\u00ba 5.976\/2014 (SGP-10.908-15) <\/strong><\/p>\n<p><strong>\u00a0<\/strong><\/p>\n<p><strong>EDITAL DE DEFERIMENTO E INDEFERIMENTO DE INSCRI\u00c7\u00d5ES E CONVOCA\u00c7\u00c3O PARA A PROVA ESCRITA.<\/strong><\/p>\n<p>&nbsp;<\/p>\n<p>A Comiss\u00e3o Especial de Concurso P\u00fablico da ETEC Irm\u00e3 Agostina comunica aos candidatos abaixo relacionados o deferimento e indeferimento das inscri\u00e7\u00f5es e convoca para a Prova Escrita, a ser realizada na ETEC Irm\u00e3 Agostina, sita na Av. Feliciano Correia, s n\u00ba, S\u00e3o Paulo. Os candidatos convocados atender\u00e3o ao disposto no item 9 do Cap\u00edtulo X do Edital de Abertura de Inscri\u00e7\u00f5es.<\/p>\n<p>&nbsp;<\/p>\n<p><strong>&#8211; COMPONENTE CURRICULAR: Educa\u00e7\u00e3o F\u00edsica \u2013 (Qu\u00edmica Integrado ao Ensino M\u00e9dio) \u2013 01\/04 \u2013 Matutino\/Vespertino.<\/strong><\/p>\n<p>&nbsp;<\/p>\n<p>INSCRI\u00c7\u00c3O(\u00d5ES) DEFERIDA(S):<\/p>\n<p>N\u00ba de Inscri\u00e7\u00e3o\/Nome ou Nome Social\/ D.I. \u2013 Tipo\/ CPF:<\/p>\n<p>01\/Bruno Santoro Fernandes\/49.156.254-8-RG\/385.583.368-06.<\/p>\n<p>02\/Fernanda Vieira dos Santos\/ 28.325.252-2-RG\/303.591.468-05.<\/p>\n<p>03\/Fabiano Fernandes de Almeida\/42.260.046-5-RG\/225.652.658-59.<\/p>\n<p>04\/Ana Aparecida da Silva Gomes\/33.349.991-8-RG\/339.124.348-16.<\/p>\n<p>05\/Josenildo da Silva\/58.952.947-X-RG\/070.958.474-10.<\/p>\n<p>06\/Michel Pereira do Nascimento\/49.243.811-0-RG\/394.279.638-40.<\/p>\n<p>07\/Ubiratan Silva Alves\/12.447.321-0-RG\/091.483.788-52.<\/p>\n<p>08\/Laura Machado Mendes\/50.773.243-1-RG\/427.864.408-66.<\/p>\n<p>09\/Let\u00edcia Taciano dos Santos Saigh\/44.512.790-9-RG\/381.231.228-02.<\/p>\n<p>10\/Luiz Guilherme Ferreira Braga\/48.711.266-0-RG\/359.235.938-07.<\/p>\n<p>11\/Fabricio Felix da Costa\/ 37.909.611-0-RG\/335.260.998-55.<\/p>\n<p>12\/Viviane Ribeiro Batista\/9.785.341-0-RG\/062.449.889-14.<\/p>\n<p>13\/Paulo Henrique Soares de Souza\/39.157.441-3-RG\/425.105.328-12.<\/p>\n<p>14\/Gregory Gracia\/35.048.943-9-RG\/336.262.998-99.<\/p>\n<p>15\/Rodolfo Luiz Vetore\/42.048.420-6-RG\/333.560.958-11.<\/p>\n<p>16\/Sonia Silva dos Santos\/32.245.743-9-RG\/267.717.428-65.<\/p>\n<p>&nbsp;<\/p>\n<p>&nbsp;<\/p>\n<p>DATA: 05\/08\/2017.<\/p>\n<p>HOR\u00c1RIO: 09:00 horas.<\/p>\n<p>DURA\u00c7\u00c3O: 3 horas.<\/p>\n<p>&nbsp;<\/p>\n<p><strong>ANEXO VII \u2013 A QUE SE REFERE O ITEM 4, DO CAP\u00cdTULO X \u2013 DAS PROVAS, DO EDITAL N\u00ba 238\/03\/2017<\/strong><\/p>\n<p><strong>COMPONENTE CURRICULAR<\/strong><\/p>\n<p><strong>EDUCA\u00c7\u00c3O F\u00cdSICA<\/strong><\/p>\n<p><strong>PROGRAMAS DAS PROVAS<\/strong><\/p>\n<p><strong>\u00a0<\/strong><\/p>\n<p>Tema 1<\/p>\n<p>Movimentos e qualidade de vida H\u00e1bitos sa\u00fadaveis; impactos da hereditariedade: Trabalho, lazer, recrea\u00e7\u00e3o, \u00f3cio.<\/p>\n<p>Tema\u00a0 2<\/p>\n<p>Sistema esquel\u00e9tico e muscular Articula\u00e7\u00f5es, tend\u00f5es etc; As causas das principais doen\u00e7as ligadas aos ossos e m\u00fasculos; Pr\u00e1tica de\u00a0\u00a0\u00a0\u00a0 alogamento.<\/p>\n<p>Tema\u00a0 3<\/p>\n<p>Sistema c\u00e1rdio-respirat\u00f3rio Sa\u00fade: Doen\u00e7as; Tabagismo; Alcoolismo; Drogas; Respira\u00e7\u00e3o.<\/p>\n<p>Tema\u00a0 4<\/p>\n<p>Midia e cultura corporal \u00c8tica, est\u00e9tica e sa\u00fade .<\/p>\n<p>Tema\u00a0 5<\/p>\n<p>Desvios comportamentais Anorexia; Ester\u00f3ides Anabolizantes; Bulimia.<\/p>\n<p>Tema\u00a0 6<\/p>\n<p>Repert\u00f3rio de comunica\u00e7\u00e3o n\u00e3o verbal. O corpo, a cultura,os signos e s\u00edmbolos sociais.<\/p>\n<p>Tema 7<\/p>\n<p>Express\u00e3o\u00a0 corporal e comunica\u00e7\u00e3o interpessoal lideran\u00e7a; Trabalho em grupo; Status e papel social;gestual.<\/p>\n<p>&nbsp;<\/p>\n<p>&nbsp;<\/p>\n<p>Tema 8<\/p>\n<p>Consumo, mercado e oportunidades de trabalho com as atividades\u00a0\u00a0\u00a0\u00a0\u00a0\u00a0\u00a0 corporais Monitoria deeventos; Atividades recreacionistas; Academia;\u00a0\u00a0 Perfis profissionais.<\/p>\n<p>Tema 9<\/p>\n<p>Projetos, execu\u00e7\u00e3o e gerenciamento de torneios entre as turmas Organizar gincanas esportivas, recreativas e culturais; Responsabilidade social com jogos cooperativos.<\/p>\n<p>Tema 10<\/p>\n<p>Parte\u00a0 pr\u00e1tica Exame ergom\u00e9trico e avalia\u00e7\u00e3o de postura corporal: Jogos Cooperativos e Recreativos; Gincana Interdisciplinar; Gin\u00e1stica Laboral; Campeonatos; Gin\u00e1stica; Maratona.<\/p>\n<p>&nbsp;<\/p>\n<p>&nbsp;<\/p>\n<p>Lei Federal 12.527, de 18-11-2011 (Lei de Acesso a Informa\u00e7\u00e3o) e do Decreto 58.052, de 16-05-2012, que regulamenta a referida Lei no \u00e2mbito do Estado de S\u00e3o Paulo, al\u00e9m dos conhecimentos espec\u00edficos do componente curricular objeto de concurso p\u00fablico.<\/p>\n<p>&nbsp;<\/p>\n<p>&nbsp;<\/p>\n<p>S\u00e3o Paulo, 26\/07\/2017<\/p>\n","protected":false},"excerpt":{"rendered":"<p>\u00a0 \u00a0 ETEC IRM\u00c3 AGOSTINA\u00a0\u00a0 &#8211;\u00a0 S\u00c3O PAULO \u00a0 CONCURSO P\u00daBLICO DE PROFESSOR DE ENSINO M\u00c9DIO E T\u00c9CNICO &#8211; EDITAL N\u00ba 238\/03\/2017 &#8211; \u00a0PROCESSO N\u00ba 0004182\/2017 \u00a0 AUTORIZA\u00c7\u00c3O GOVERNAMENTAL: \u00a0 DESPACHO PUBLICADO NO DOE DE 26\/05\/2015, SE\u00c7\u00c3O I, P\u00c1GINA 1 \u2013 PROCESSO N\u00ba 5.976\/2014 (SGP-10.908-15) \u00a0 EDITAL DE DEFERIMENTO E INDEFERIMENTO DE INSCRI\u00c7\u00d5ES E CONVOCA\u00c7\u00c3O&nbsp;&hellip;<\/p>\n","protected":false},"author":1,"featured_media":0,"comment_status":"open","ping_status":"open","sticky":false,"template":"","format":"standard","meta":[],"categories":[8,2],"tags":[],"_links":{"self":[{"href":"https:\/\/etecia.com.br\/index.php?rest_route=\/wp\/v2\/posts\/2258"}],"collection":[{"href":"https:\/\/etecia.com.br\/index.php?rest_route=\/wp\/v2\/posts"}],"about":[{"href":"https:\/\/etecia.com.br\/index.php?rest_route=\/wp\/v2\/types\/post"}],"author":[{"embeddable":true,"href":"https:\/\/etecia.com.br\/index.php?rest_route=\/wp\/v2\/users\/1"}],"replies":[{"embeddable":true,"href":"https:\/\/etecia.com.br\/index.php?rest_route=%2Fwp%2Fv2%2Fcomments&post=2258"}],"version-history":[{"count":1,"href":"https:\/\/etecia.com.br\/index.php?rest_route=\/wp\/v2\/posts\/2258\/revisions"}],"predecessor-version":[{"id":2259,"href":"https:\/\/etecia.com.br\/index.php?rest_route=\/wp\/v2\/posts\/2258\/revisions\/2259"}],"wp:attachment":[{"href":"https:\/\/etecia.com.br\/index.php?rest_route=%2Fwp%2Fv2%2Fmedia&parent=2258"}],"wp:term":[{"taxonomy":"category","embeddable":true,"href":"https:\/\/etecia.com.br\/index.php?rest_route=%2Fwp%2Fv2%2Fcategories&post=2258"},{"taxonomy":"post_tag","embeddable":true,"href":"https:\/\/etecia.com.br\/index.php?rest_route=%2Fwp%2Fv2%2Ftags&post=2258"}],"curies":[{"name":"wp","href":"https:\/\/api.w.org\/{rel}","templated":true}]}}