{"id":2256,"date":"2017-07-28T11:45:18","date_gmt":"2017-07-28T14:45:18","guid":{"rendered":"https:\/\/etecirmaagostina.com.br\/?p=2256"},"modified":"2017-07-28T11:45:18","modified_gmt":"2017-07-28T14:45:18","slug":"edital-de-deferimento-e-indeferimento-de-inscricoes-e-convocacao-para-a-prova-escrita-fisica","status":"publish","type":"post","link":"https:\/\/etecia.com.br\/?p=2256","title":{"rendered":"EDITAL DE DEFERIMENTO E INDEFERIMENTO DE INSCRI\u00c7\u00d5ES E CONVOCA\u00c7\u00c3O PARA A PROVA ESCRITA (F\u00cdSICA)"},"content":{"rendered":"<p><strong>ETEC IRM\u00c3 AGOSTINA\u00a0\u00a0 &#8211;\u00a0 <\/strong>S\u00c3O PAULO<\/p>\n<p><strong>\u00a0<\/strong><\/p>\n<p><strong>CONCURSO P\u00daBLICO DE PROFESSOR DE ENSINO M\u00c9DIO E T\u00c9CNICO &#8211; EDITAL N\u00ba 238\/01\/2017 &#8211; \u00a0PROCESSO N\u00ba 0004180\/2017 <\/strong><\/p>\n<p><strong>\u00a0<\/strong><\/p>\n<p><strong>AUTORIZA\u00c7\u00c3O GOVERNAMENTAL:<\/strong><\/p>\n<p><strong>\u00a0<\/strong><\/p>\n<p><strong>DESPACHO PUBLICADO NO DOE DE 26\/05\/2015, SE\u00c7\u00c3O I, P\u00c1GINA 1 \u2013 PROCESSO N\u00ba 5.976\/2014 (SGP-10.908-15) <\/strong><\/p>\n<p><strong>\u00a0<\/strong><\/p>\n<p><strong>EDITAL DE DEFERIMENTO E INDEFERIMENTO DE INSCRI\u00c7\u00d5ES E CONVOCA\u00c7\u00c3O PARA A PROVA ESCRITA.<\/strong><\/p>\n<p>&nbsp;<\/p>\n<p>A Comiss\u00e3o Especial de Concurso P\u00fablico da ETEC Irm\u00e3 Agostina comunica aos candidatos abaixo relacionados o deferimento e indeferimento das inscri\u00e7\u00f5es e convoca para a Prova Escrita, a ser realizada na ETEC Irm\u00e3 Agostina, sita na Av. Feliciano Correia, s n\u00ba, S\u00e3o Paulo. Os candidatos convocados atender\u00e3o ao disposto no item 9 do Cap\u00edtulo X do Edital de Abertura de Inscri\u00e7\u00f5es.<\/p>\n<p>&nbsp;<\/p>\n<p><strong>&#8211; COMPONENTE CURRICULAR: F\u00edsica \u2013 (Qu\u00edmica Integrado ao Ensino M\u00e9dio) \u2013 01\/06 \u2013 Matutino\/Vespertino.<\/strong><\/p>\n<p>&nbsp;<\/p>\n<p>INSCRI\u00c7\u00c3O(\u00d5ES) DEFERIDA(S):<\/p>\n<p>N\u00ba de Inscri\u00e7\u00e3o\/Nome ou Nome Social\/ D.I. \u2013 Tipo\/ CPF:<\/p>\n<p>01\/Felipe Souza Antonino\/46.623.645-1- RG230.792.128\/19.<\/p>\n<p>02\/Rogerio Suzarte de Lima\/ 30.832.464-X-RG\/275.867.358-40.<\/p>\n<p>03\/Marco Antonio Barbosa Kovaes\/16.647.558-0-RG\/106.884.358-66.<\/p>\n<p>04\/Vinicius Alves Rodrigues\/04774486960-CNH\/374.193.728-29.<\/p>\n<p>05\/Rafael Oliveira Rondon Muniz\/27.202.279-2-RG\/306.714.288-88.<\/p>\n<p>06\/Eduardo Santos Carvalho\/119825599-1-RG\/019.030.503-75.<\/p>\n<p>07\/Olavo de Osti Comparatoa\/17.842.856-5-RG\/084.998.768-70.<\/p>\n<p>08\/Leandro Cesar Pereira Gomes Safra\/32.047.301-6-RG\/283.919.478-31.<\/p>\n<p>09\/Jos\u00e9 Aurelio de Sena\/9.963.161-1-RG\/006.442.288-73.<\/p>\n<p>10\/Marcus Vin\u00edcius Camillo G\u00e1lia\/58.701.249-3-RG\/343.926.498-06.<\/p>\n<p>11\/Juliana Alves Pereira Sato\/30.937.471-6-RG\/303.477.218-18.<\/p>\n<p>12\/Marissol Rodrigues Felez\/18.341.730-6-RG\/111.614.048-99.<\/p>\n<p>13\/Derik Gouvea Galante\/33.813.416-5-RG\/223.976.268-37.<\/p>\n<p>14\/Clayton Ferreira dos Santos\/34.265.550-4-RG\/223.745.348-98.<\/p>\n<p>15\/Thiago Correa da Cunha\/49.773.267-1-RG\/393.661.818-64.<\/p>\n<p>16\/Raphael Henrique de Carvalho\/42.908.887-5-RG\/345.966.488-67.<\/p>\n<p>17\/Antonio Rodrigues Machado\/11.723.056-X-RG\/011.724.518-69<\/p>\n<p>18\/Eduardo de Souza Santos\/30.317.180-7-RG\/228.073.958-56.<\/p>\n<p>19\/Antonio Jose Rolim\/5.866.212-1-RG\/674.137.228-87.<\/p>\n<p>20\/Rodrigo Borges de Souza\/29.749.210-X-RG\/279.356.078-26.<\/p>\n<p>21\/Andr\u00e9 Luis de Paula dos Santos\/19.740.446-7-RG\/095.364.228-32.<\/p>\n<p>22\/Fabio de Paiva\/32.024.011-3-RG\/218.972.088-55.<\/p>\n<p>23\/Eduardo Adlung Laudelino\/14.368.148-5-RG\/047.115.678-79.<\/p>\n<p>&nbsp;<\/p>\n<p>DATA: 05\/08\/2017.<\/p>\n<p>HOR\u00c1RIO: 09:00 horas.<\/p>\n<p>DURA\u00c7\u00c3O: 3 horas.<\/p>\n<p>&nbsp;<\/p>\n<p>ANEXO VII \u2013 A QUE SE REFERE O ITEM 4, DO CAP\u00cdTULO X \u2013 DAS<\/p>\n<p>PROVAS, DO EDITAL N\u00ba 238\/01\/2017.<\/p>\n<p>COMPONENTE CURRICULAR<\/p>\n<p>F\u00cdSICA<\/p>\n<p>PROGRAMAS DAS PROVAS<\/p>\n<p>PROGRAMAS DAS PROVAS<\/p>\n<ol>\n<li>Movimentos: Varia\u00e7\u00f5es e Conserva\u00e7\u00f5es:<\/li>\n<\/ol>\n<p>. Grandezas F\u00edsicas Escalares e Vetoriais;<\/p>\n<p>. Referencial Inercial e N\u00e3o Inercial;<\/p>\n<p>. Identifica\u00e7\u00e3o, Classifica\u00e7\u00e3o e Descri\u00e7\u00e3o de Diferentes Tipos de Movimentos;<\/p>\n<p>. Associa\u00e7\u00e3o dos Movimentos com as Causas que os Originam;<\/p>\n<p>. Formas de Energia (Mec\u00e2nica, Potencial, Cin\u00e9tica, Pot\u00eancia) relacionados com Movimentos;<\/p>\n<p>. Varia\u00e7\u00e3o e Conserva\u00e7\u00e3o da Quantidade de Movimento;<\/p>\n<p>. Equil\u00edbrio Est\u00e1tico e Din\u00e2mico.<\/p>\n<p>2 \u2013 Universo, Terra e Vida:<\/p>\n<p>. Sistema Solar e Terra, Movimentos;<\/p>\n<p>. Fen\u00f4menos Astron\u00f4micos;<\/p>\n<p>. For\u00e7as e Movimento;<\/p>\n<p>. Teoria e Modelos da Origem do Universo;<\/p>\n<p>. Modelo da Ci\u00eancia para Origem do Universo.<\/p>\n<p>&nbsp;<\/p>\n<p>Lei Federal 12.527, de 18-11-2011 (Lei de Acesso a Informa\u00e7\u00e3o) e do Decreto 58.052, de 16-05-2012, que regulamenta a referida Lei no \u00e2mbito do Estado de S\u00e3o Paulo, al\u00e9m dos conhecimentos espec\u00edficos do componente curricular objeto de concurso p\u00fablico.<\/p>\n","protected":false},"excerpt":{"rendered":"<p>ETEC IRM\u00c3 AGOSTINA\u00a0\u00a0 &#8211;\u00a0 S\u00c3O PAULO \u00a0 CONCURSO P\u00daBLICO DE PROFESSOR DE ENSINO M\u00c9DIO E T\u00c9CNICO &#8211; EDITAL N\u00ba 238\/01\/2017 &#8211; \u00a0PROCESSO N\u00ba 0004180\/2017 \u00a0 AUTORIZA\u00c7\u00c3O GOVERNAMENTAL: \u00a0 DESPACHO PUBLICADO NO DOE DE 26\/05\/2015, SE\u00c7\u00c3O I, P\u00c1GINA 1 \u2013 PROCESSO N\u00ba 5.976\/2014 (SGP-10.908-15) \u00a0 EDITAL DE DEFERIMENTO E INDEFERIMENTO DE INSCRI\u00c7\u00d5ES E CONVOCA\u00c7\u00c3O PARA A&nbsp;&hellip;<\/p>\n","protected":false},"author":1,"featured_media":0,"comment_status":"open","ping_status":"open","sticky":false,"template":"","format":"standard","meta":[],"categories":[8,2],"tags":[],"_links":{"self":[{"href":"https:\/\/etecia.com.br\/index.php?rest_route=\/wp\/v2\/posts\/2256"}],"collection":[{"href":"https:\/\/etecia.com.br\/index.php?rest_route=\/wp\/v2\/posts"}],"about":[{"href":"https:\/\/etecia.com.br\/index.php?rest_route=\/wp\/v2\/types\/post"}],"author":[{"embeddable":true,"href":"https:\/\/etecia.com.br\/index.php?rest_route=\/wp\/v2\/users\/1"}],"replies":[{"embeddable":true,"href":"https:\/\/etecia.com.br\/index.php?rest_route=%2Fwp%2Fv2%2Fcomments&post=2256"}],"version-history":[{"count":1,"href":"https:\/\/etecia.com.br\/index.php?rest_route=\/wp\/v2\/posts\/2256\/revisions"}],"predecessor-version":[{"id":2257,"href":"https:\/\/etecia.com.br\/index.php?rest_route=\/wp\/v2\/posts\/2256\/revisions\/2257"}],"wp:attachment":[{"href":"https:\/\/etecia.com.br\/index.php?rest_route=%2Fwp%2Fv2%2Fmedia&parent=2256"}],"wp:term":[{"taxonomy":"category","embeddable":true,"href":"https:\/\/etecia.com.br\/index.php?rest_route=%2Fwp%2Fv2%2Fcategories&post=2256"},{"taxonomy":"post_tag","embeddable":true,"href":"https:\/\/etecia.com.br\/index.php?rest_route=%2Fwp%2Fv2%2Ftags&post=2256"}],"curies":[{"name":"wp","href":"https:\/\/api.w.org\/{rel}","templated":true}]}}