{"id":2208,"date":"2017-07-11T14:44:50","date_gmt":"2017-07-11T17:44:50","guid":{"rendered":"https:\/\/etecirmaagostina.com.br\/?p=2208"},"modified":"2017-07-12T09:47:13","modified_gmt":"2017-07-12T12:47:13","slug":"concurso-publico-para-professores-2","status":"publish","type":"post","link":"https:\/\/etecia.com.br\/?p=2208","title":{"rendered":"Concurso P\u00fablico para Professores"},"content":{"rendered":"<p>A Etec Irm\u00e3 Agostina abriu concurso p\u00fablico para professores de tr\u00eas componentes curriculares:<\/p>\n<ul>\n<li>Educa\u00e7\u00e3o F\u00edsica<\/li>\n<li>F\u00edsica<\/li>\n<li>An\u00e1lise dos Processos F\u00edsico-Qu\u00edmicos II<\/li>\n<\/ul>\n<p>Todas as informa\u00e7\u00f5es est\u00e3o dispon\u00edveis nos editais de abertura do concurso que voc\u00ea pode acessar no link abaixo ou consultar nos murais da escola.<\/p>\n<ul>\n<li><a href=\"http:\/\/etecia.com.br\/wp-content\/uploads\/2017\/07\/238-01-2017-CPEDITALDEABERTURA-F\u00edsica28-06-201707h33min38s.pdf\" target=\"_blank\" rel=\"noopener\" class=\"broken_link\">EDITAL\u00a0N\u00ba 238\/01\/2017 &#8211; F\u00edsica<\/a><\/li>\n<li><a href=\"http:\/\/etecia.com.br\/wp-content\/uploads\/2017\/07\/238-02-2017-CPEDITALDEABERTURA-APFQ-II-28-06-201707h40min40s.pdf\" class=\"broken_link\">EDITAL\u00a0N\u00ba 238\/02\/2017 &#8211; APFQ-II<\/a><\/li>\n<li><a href=\"http:\/\/etecia.com.br\/wp-content\/uploads\/2017\/07\/238-03-2017-CPEDITALDEABERTURA-Educa\u00e7\u00e3o-F\u00edsica-28-06-201708h21min45s.pdf\" target=\"_blank\" rel=\"noopener\" class=\"broken_link\">EDITAL N\u00ba 238\/03\/2017 &#8211; Educa\u00e7\u00e3o F\u00edsica<\/a><\/li>\n<\/ul>\n","protected":false},"excerpt":{"rendered":"<p>A Etec Irm\u00e3 Agostina abriu concurso p\u00fablico para professores de tr\u00eas componentes curriculares: Educa\u00e7\u00e3o F\u00edsica F\u00edsica An\u00e1lise dos Processos F\u00edsico-Qu\u00edmicos II Todas as informa\u00e7\u00f5es est\u00e3o dispon\u00edveis nos editais de abertura do concurso que voc\u00ea pode acessar no link abaixo ou consultar nos murais da escola. EDITAL\u00a0N\u00ba 238\/01\/2017 &#8211; F\u00edsica EDITAL\u00a0N\u00ba 238\/02\/2017 &#8211; APFQ-II EDITAL N\u00ba&nbsp;&hellip;<\/p>\n","protected":false},"author":1,"featured_media":0,"comment_status":"open","ping_status":"open","sticky":false,"template":"","format":"standard","meta":[],"categories":[8,2],"tags":[],"_links":{"self":[{"href":"https:\/\/etecia.com.br\/index.php?rest_route=\/wp\/v2\/posts\/2208"}],"collection":[{"href":"https:\/\/etecia.com.br\/index.php?rest_route=\/wp\/v2\/posts"}],"about":[{"href":"https:\/\/etecia.com.br\/index.php?rest_route=\/wp\/v2\/types\/post"}],"author":[{"embeddable":true,"href":"https:\/\/etecia.com.br\/index.php?rest_route=\/wp\/v2\/users\/1"}],"replies":[{"embeddable":true,"href":"https:\/\/etecia.com.br\/index.php?rest_route=%2Fwp%2Fv2%2Fcomments&post=2208"}],"version-history":[{"count":2,"href":"https:\/\/etecia.com.br\/index.php?rest_route=\/wp\/v2\/posts\/2208\/revisions"}],"predecessor-version":[{"id":2213,"href":"https:\/\/etecia.com.br\/index.php?rest_route=\/wp\/v2\/posts\/2208\/revisions\/2213"}],"wp:attachment":[{"href":"https:\/\/etecia.com.br\/index.php?rest_route=%2Fwp%2Fv2%2Fmedia&parent=2208"}],"wp:term":[{"taxonomy":"category","embeddable":true,"href":"https:\/\/etecia.com.br\/index.php?rest_route=%2Fwp%2Fv2%2Fcategories&post=2208"},{"taxonomy":"post_tag","embeddable":true,"href":"https:\/\/etecia.com.br\/index.php?rest_route=%2Fwp%2Fv2%2Ftags&post=2208"}],"curies":[{"name":"wp","href":"https:\/\/api.w.org\/{rel}","templated":true}]}}