{"id":210,"date":"2012-07-31T19:58:36","date_gmt":"2012-07-31T22:58:36","guid":{"rendered":"http:\/\/etecia.com.br\/portaletecia\/?p=210"},"modified":"2012-07-31T19:58:36","modified_gmt":"2012-07-31T22:58:36","slug":"primeira-colacao-de-grau-da-etecia-foi-um-sucesso","status":"publish","type":"post","link":"https:\/\/etecia.com.br\/?p=210","title":{"rendered":"Primeira Cola\u00e7\u00e3o de Grau da ETECIA foi um sucesso."},"content":{"rendered":"<div id=\"attachment_212\" style=\"width: 310px\" class=\"wp-caption alignright\"><a href=\"http:\/\/etecia.com.br\/portaletecia\/wp-content\/uploads\/2012\/07\/394625_315753571853707_880963158_n.jpg\" class=\"broken_link\"><img aria-describedby=\"caption-attachment-212\" loading=\"lazy\" class=\"size-medium wp-image-212\" title=\"Formandos de qu\u00edmica\" src=\"http:\/\/etecia.com.br\/portaletecia\/wp-content\/uploads\/2012\/07\/394625_315753571853707_880963158_n-300x200.jpg\" alt=\"\" width=\"300\" height=\"200\" \/><\/a><p id=\"caption-attachment-212\" class=\"wp-caption-text\">Formandos de qu\u00edmica<\/p><\/div>\n<p>Aconteceu na sexta-feira, 27 de julho a primeira cola\u00e7\u00e3o de grau da curta hist\u00f3ria da ETEC Irm\u00e3 Agostina. A cerim\u00f4nia come\u00e7ou \u00e0s 21h com a entrada da mesa solene composta pela diretora da unidade, professora Ana L\u00facia Cala\u00e7a, seguida pela coordenadora pedag\u00f3gica, Solange Casella e pelos coordenadores dos cursos, al\u00e9m do diretor acad\u00eamico, Fausto Henrique.<\/p>\n<p>Na sequ\u00eancia entraram os professores paraninfos e homenageados da noite. A abertura foi finalizada com a entrada dos formandos dos cursos de Gest\u00e3o Comercial, Contabilidade, Inform\u00e1tica e Qu\u00edmica.<\/p>\n<p>No segundo momento do evento, tiveram in\u00edcios os discursos dos alunos que homenagearam os professores, os colegas e os pais.<\/p>\n<p>Seguidos pelos discursos dos professores paraninfos que foram carregados de sinceridade e emo\u00e7\u00e3o.<\/p>\n<p>A noite seguiu com os juramentos das categorias realizados pelos alunos dos quatro cursos e a outorga de grau realizada pela diretora da ETEC Irm\u00e3 Agostina.<\/p>\n<p>A aluna Beatriz Valfogo Machado foi homenageada pela CRQ como melhor aluna do curso de Qu\u00edmica.<\/p>\n<div id=\"attachment_211\" style=\"width: 310px\" class=\"wp-caption alignleft\"><a href=\"http:\/\/etecia.com.br\/portaletecia\/wp-content\/uploads\/2012\/07\/Brenda-Rosolen-e-Melissa-Desenzi.jpg\" class=\"broken_link\"><img aria-describedby=\"caption-attachment-211\" loading=\"lazy\" class=\"size-medium wp-image-211\" title=\"Brenda Rosolen e Melissa Desenzi\" src=\"http:\/\/etecia.com.br\/portaletecia\/wp-content\/uploads\/2012\/07\/Brenda-Rosolen-e-Melissa-Desenzi-300x291.jpg\" alt=\"\" width=\"300\" height=\"291\" \/><\/a><p id=\"caption-attachment-211\" class=\"wp-caption-text\">Brenda Rosolen e Melissa Desenzi<\/p><\/div>\n<p>O evento terminou com a entrega dos canudos para os formados e muita festa por parte de todos os convidados. Parab\u00e9ns aos formandos e sucesso na nova carreira.<br \/>\nConfira a lista de homenageados, paraninfos e oradores:<\/p>\n<div><strong>3 Com\u00e9rcio turma E<\/strong><\/div>\n<div>\u00a0Professor Paraninfo Adriano Oliveira\u00a0 Barbosa<\/div>\n<div>Professora Homenageada Elizabel Cristina de Souza<\/div>\n<div>Oradora Ana Paula de Lima Moraes<\/div>\n<div><\/div>\n<div><strong>3 Contabilidade turma F<\/strong><\/div>\n<div>Professor Paraninfo Ronaldo Leite Paix\u00e3o<\/div>\n<div>Professor Homenageado Anizio Santos<\/div>\n<div>Oradora Aline de Araujo Amorim<\/div>\n<div><\/div>\n<div><strong>3 Inform\u00e1tica turma G<\/strong><\/div>\n<div>\n<div>Professor Paraninfo Laercio silva<\/div>\n<div>Professor Homenageado Luiz Fernando Rocha<\/div>\n<div>Oradores Camila Alves e Guilherme de Sousa<\/div>\n<div><\/div>\n<div><strong>3 Inform\u00e1tica H<\/strong><\/div>\n<div>\n<div>Professor Paraninfo Jo\u00e3o Carlos Lima<\/div>\n<div>Professor Homenageado Laercio Silva<\/div>\n<div>Orador Vinicius Carvalho<\/div>\n<div><\/div>\n<div><strong>4 Qu\u00edmica turma I<\/strong><\/div>\n<div>\n<div>Professor Paraninfo Klauss Engelmann<\/div>\n<div>Professor Homenageado Bruno Mattei<\/div>\n<div>Oradora Larissa Gon\u00e7alves Aguiar<\/div>\n<div><\/div>\n<div><strong>4Qu\u00edmica turma J<\/strong><\/div>\n<div>\n<div>Professora Paraninfa Elizabel Cristina de Souza<\/div>\n<div>Professor Homenageado Klauss Engelmann<\/div>\n<div>Oradora Tabata Ariadne Alves Almeida<\/div>\n<div><a href=\"http:\/\/etecia.com.br\/portaletecia\/wp-content\/uploads\/2012\/07\/IMG_07771.jpg\" class=\"broken_link\"><img class=\"alignleft size-full wp-image-213\" title=\"O palco da festa\" src=\"http:\/\/etecia.com.br\/portaletecia\/wp-content\/uploads\/2012\/07\/IMG_07771.jpg\" alt=\"\" \/><\/a><\/div>\n<\/div>\n<\/div>\n<\/div>\n<\/div>\n","protected":false},"excerpt":{"rendered":"<p>Aconteceu na sexta-feira, 27 de julho a primeira cola\u00e7\u00e3o de grau da curta hist\u00f3ria da ETEC Irm\u00e3 Agostina. A cerim\u00f4nia come\u00e7ou \u00e0s 21h com a entrada da mesa solene composta pela diretora da unidade, professora Ana L\u00facia Cala\u00e7a, seguida pela coordenadora pedag\u00f3gica, Solange Casella e pelos coordenadores dos cursos, al\u00e9m do diretor acad\u00eamico, Fausto Henrique.&nbsp;&hellip;<\/p>\n","protected":false},"author":1,"featured_media":0,"comment_status":"open","ping_status":"open","sticky":false,"template":"","format":"standard","meta":[],"categories":[2],"tags":[],"_links":{"self":[{"href":"https:\/\/etecia.com.br\/index.php?rest_route=\/wp\/v2\/posts\/210"}],"collection":[{"href":"https:\/\/etecia.com.br\/index.php?rest_route=\/wp\/v2\/posts"}],"about":[{"href":"https:\/\/etecia.com.br\/index.php?rest_route=\/wp\/v2\/types\/post"}],"author":[{"embeddable":true,"href":"https:\/\/etecia.com.br\/index.php?rest_route=\/wp\/v2\/users\/1"}],"replies":[{"embeddable":true,"href":"https:\/\/etecia.com.br\/index.php?rest_route=%2Fwp%2Fv2%2Fcomments&post=210"}],"version-history":[{"count":0,"href":"https:\/\/etecia.com.br\/index.php?rest_route=\/wp\/v2\/posts\/210\/revisions"}],"wp:attachment":[{"href":"https:\/\/etecia.com.br\/index.php?rest_route=%2Fwp%2Fv2%2Fmedia&parent=210"}],"wp:term":[{"taxonomy":"category","embeddable":true,"href":"https:\/\/etecia.com.br\/index.php?rest_route=%2Fwp%2Fv2%2Fcategories&post=210"},{"taxonomy":"post_tag","embeddable":true,"href":"https:\/\/etecia.com.br\/index.php?rest_route=%2Fwp%2Fv2%2Ftags&post=210"}],"curies":[{"name":"wp","href":"https:\/\/api.w.org\/{rel}","templated":true}]}}