{"id":2001,"date":"2017-04-06T10:59:33","date_gmt":"2017-04-06T13:59:33","guid":{"rendered":"http:\/\/etecia.com.br\/portaletecia\/?p=2001"},"modified":"2017-04-06T10:59:33","modified_gmt":"2017-04-06T13:59:33","slug":"projeto-saude-mental-e-qualidade-de-vida","status":"publish","type":"post","link":"https:\/\/etecia.com.br\/?p=2001","title":{"rendered":"Projeto Sa\u00fade Mental e Qualidade de Vida"},"content":{"rendered":"<p style=\"font-weight: 300;\">A ETEC Irm\u00e3 Agostina fechou uma parceria com o Sesc Interlagos, para solucionar as dificuldades que estamos percebendo com o nosso corpo discente, que \u00e9 a depress\u00e3o e o decl\u00ednio ao v\u00edcio. Em parceria com o Sesc, que segue a proposta da Organiza\u00e7\u00e3o Mundial da Sa\u00fade (OMS), no m\u00eas de abril trabalhar\u00e1 o tema Sa\u00fade Mental e Qualidade de Vida, com o objetivo principal de colaborar para desmistificar a doen\u00e7a e coloca-la \u00e0 cena, buscando estabelecer di\u00e1logos e conversas nos diversos tipos de relacionamentos.<\/p>\n<p>O evento acontecer\u00e1 em dois encontros, conforme cronograma a seguir:<\/p>\n<table width=\"812\">\n<tbody>\n<tr>\n<td width=\"118\"><\/td>\n<td width=\"222\"><strong>Data\/Hora<\/strong><\/td>\n<td width=\"180\"><strong>Atividade<\/strong><\/td>\n<td width=\"189\"><strong>P\u00fablico<\/strong><\/td>\n<td width=\"104\"><strong>Local<\/strong><\/td>\n<\/tr>\n<tr>\n<td width=\"118\"><\/td>\n<td width=\"222\">08\/04<\/p>\n<p>10h as 12h<\/td>\n<td width=\"180\">Roda de Conversa &#8211; Vamos conversar sobre&#8230;.<\/td>\n<td width=\"189\">Professores e Alunos<\/td>\n<td width=\"104\">Sesc Interlagos<\/td>\n<\/tr>\n<tr>\n<td width=\"118\"><\/td>\n<td width=\"222\">29\/04<\/p>\n<p>10h as 11h30<\/td>\n<td width=\"180\">Imaginar e Inventar<\/td>\n<td width=\"189\">Professores, Funcion\u00e1rios e Pais<\/td>\n<td width=\"104\">ETEC Irm\u00e3 Agostina<\/p>\n<p>Audit\u00f3rio<\/td>\n<\/tr>\n<\/tbody>\n<\/table>\n<p style=\"font-weight: 300;\">** Vamos conversar sobre&#8230;.(Roda de Conversa) \u2013 Apresenta\u00e7\u00e3o art\u00edstica em formato de esquetes teatrais mediadas por profissional especializado que estimular\u00e1 os participantes a conversarem sobre a tem\u00e1tica do Dia Mundial da Sa\u00fade 2017.<br \/>\nCom Cia Cambaio<\/p>\n<p style=\"font-weight: 300;\">** Imaginar e Inventar &#8230;.(Roda de Conversa) &#8211; Se o homem se mostra cansado e abatido com os labores do dia, essa parte ativa de sua composi\u00e7\u00e3o ainda est\u00e1 ocupada e operosa. Se os \u00f3rg\u00e3os dos sentidos precisam do devido repouso e revigoramentos necess\u00e1rios, e se o corpo n\u00e3o consegue manter o ritmo da substancia espiritual a qual esta unido, a alma se ativa em suas diversas faculdades e continua ativa ate que seu parceiro novamente se qualifique para lhe fazer companhia (&#8230;)<br \/>\n(Dispon\u00edvel em: <a href=\"http:\/\/www1.folha.uol.com.br\/ilustrissima\/2015\/05\/1635473-trechos-de-textos-mencionados-no-ensaio-de-marcio-suzuki.shtml\">http:\/\/www1.folha.uol.com.br\/ilustrissima\/2015\/05\/1635473-trechos-de-textos-mencionados-no-ensaio-de-marcio-suzuki.shtml<\/a> ou as ferramentas oferecidas na p\u00e1gina). Autoriza\u00e7\u00e3o para uso de texto: Folhapress (<a href=\"mailto:pesquisa@folhapress.com.br\">pesquisa@folhapress.com.br<\/a>).<br \/>\nCom Marcio Suzuki<\/p>\n<p style=\"font-weight: 300;\"><em><u>Reportagem \u2013 Como Ser\u00e1 \u2013 Rede Globo<\/u><\/em><\/p>\n<p style=\"font-weight: 300;\">\u00a0Voc\u00ea j\u00e1 conversou sobre drogas com o seu filho? Qual \u00e9 a melhor hora para tocar nesse assunto? Sandra Annenberg recebeu, no est\u00fadio, uma fam\u00edlia com um casal de adolescentes e um psiquiatra para conversar sobre essas e outras quest\u00f5es.<\/p>\n<p style=\"font-weight: 300;\"><em><a href=\"http:\/\/g1.globo.com\/como-sera\/noticia\/2017\/02\/drogas-na-adolescencia.html\">http:\/\/g1.globo.com\/como-sera\/noticia\/2017\/02\/drogas-na-adolescencia.html<\/a><\/em><\/p>\n","protected":false},"excerpt":{"rendered":"<p>A ETEC Irm\u00e3 Agostina fechou uma parceria com o Sesc Interlagos, para solucionar as dificuldades que estamos percebendo com o nosso corpo discente, que \u00e9 a depress\u00e3o e o decl\u00ednio ao v\u00edcio. Em parceria com o Sesc, que segue a proposta da Organiza\u00e7\u00e3o Mundial da Sa\u00fade (OMS), no m\u00eas de abril trabalhar\u00e1 o tema Sa\u00fade&nbsp;&hellip;<\/p>\n","protected":false},"author":1,"featured_media":0,"comment_status":"closed","ping_status":"open","sticky":false,"template":"","format":"standard","meta":[],"categories":[2,7],"tags":[],"_links":{"self":[{"href":"https:\/\/etecia.com.br\/index.php?rest_route=\/wp\/v2\/posts\/2001"}],"collection":[{"href":"https:\/\/etecia.com.br\/index.php?rest_route=\/wp\/v2\/posts"}],"about":[{"href":"https:\/\/etecia.com.br\/index.php?rest_route=\/wp\/v2\/types\/post"}],"author":[{"embeddable":true,"href":"https:\/\/etecia.com.br\/index.php?rest_route=\/wp\/v2\/users\/1"}],"replies":[{"embeddable":true,"href":"https:\/\/etecia.com.br\/index.php?rest_route=%2Fwp%2Fv2%2Fcomments&post=2001"}],"version-history":[{"count":0,"href":"https:\/\/etecia.com.br\/index.php?rest_route=\/wp\/v2\/posts\/2001\/revisions"}],"wp:attachment":[{"href":"https:\/\/etecia.com.br\/index.php?rest_route=%2Fwp%2Fv2%2Fmedia&parent=2001"}],"wp:term":[{"taxonomy":"category","embeddable":true,"href":"https:\/\/etecia.com.br\/index.php?rest_route=%2Fwp%2Fv2%2Fcategories&post=2001"},{"taxonomy":"post_tag","embeddable":true,"href":"https:\/\/etecia.com.br\/index.php?rest_route=%2Fwp%2Fv2%2Ftags&post=2001"}],"curies":[{"name":"wp","href":"https:\/\/api.w.org\/{rel}","templated":true}]}}