{"id":1972,"date":"2017-03-09T11:56:50","date_gmt":"2017-03-09T14:56:50","guid":{"rendered":"http:\/\/etecia.com.br\/portaletecia\/?p=1972"},"modified":"2017-03-09T11:56:50","modified_gmt":"2017-03-09T14:56:50","slug":"convocacao-de-alunos-faltosos-090317","status":"publish","type":"post","link":"https:\/\/etecia.com.br\/?p=1972","title":{"rendered":"Convoca\u00e7\u00e3o de Alunos Faltosos 09\/03\/17"},"content":{"rendered":"<p>O Diretor da Escola T\u00e9cnica Estadual Irm\u00e3 Agostina, no uso de suas atribui\u00e7\u00f5es, <strong>CONVOCA<\/strong> os alunos abaixo relacionados para justificarem por escrito na secretaria acad\u00eamica, no prazo de 05 (cinco) dias \u00fateis, a contar da data de publica\u00e7\u00e3o da presente convoca\u00e7\u00e3o, a aus\u00eancia \u00e0s aulas por mais de 15 (quinze) dias consecutivos.<\/p>\n<p>A falta de justificativa implicar\u00e1 na perda do direito \u00e0 vaga, conforme disp\u00f5e o <em>\u00a7 2\u00ba do Artigo 57 do Regimento Comum das Etecs do CEETEPS<\/em>.<\/p>\n<p>&nbsp;<\/p>\n<table width=\"696\">\n<tbody>\n<tr>\n<td width=\"77\"><strong>RM<\/strong><\/td>\n<td width=\"318\"><strong>Nome do Aluno<\/strong><\/td>\n<td width=\"161\"><strong>Curso<\/strong><\/td>\n<td width=\"76\"><strong>S\u00e9rie\/M\u00f3d.<\/strong><\/td>\n<td width=\"65\"><strong>Per\u00edodo<\/strong><\/td>\n<\/tr>\n<tr>\n<td width=\"77\">17259<\/td>\n<td width=\"318\">BEATRIZ MENDES MATHIAS PEREIRA<\/td>\n<td width=\"161\">T\u00e9c. Em Administra\u00e7\u00e3o<\/td>\n<td width=\"76\">1L<\/td>\n<td width=\"65\">Noite<\/td>\n<\/tr>\n<tr>\n<td width=\"77\">17152<\/td>\n<td width=\"318\">LAIZ MENDES MATHIAS PEREIRA<\/td>\n<td width=\"161\">T\u00e9c. Em Administra\u00e7\u00e3o<\/td>\n<td width=\"76\">1L<\/td>\n<td width=\"65\">Noite<\/td>\n<\/tr>\n<tr>\n<td width=\"77\">17230<\/td>\n<td width=\"318\">GABRIEL FREITAS BOCAFOLI RIGHI<\/td>\n<td width=\"161\">T\u00e9c. Em Inform\u00e1tica<\/td>\n<td width=\"76\">1H<\/td>\n<td width=\"65\">Noite<\/td>\n<\/tr>\n<tr>\n<td width=\"77\">16149<\/td>\n<td width=\"318\">GABRIEL TERTO NUNES DA SILVA<\/td>\n<td width=\"161\">T\u00e9c. Em Inform\u00e1tica<\/td>\n<td width=\"76\">2H<\/td>\n<td width=\"65\">Noite<\/td>\n<\/tr>\n<tr>\n<td width=\"77\">16550<\/td>\n<td width=\"318\">BRUNA MARIA DE OLIVEIRA<\/td>\n<td width=\"161\">T\u00e9c. Em Inform\u00e1tica<\/td>\n<td width=\"76\">2H<\/td>\n<td width=\"65\">Noite<\/td>\n<\/tr>\n<tr>\n<td width=\"77\">17163<\/td>\n<td width=\"318\">TALITA DA PAZ SILVA<\/td>\n<td width=\"161\">T\u00e9c. Em Nutri\u00e7\u00e3o<\/td>\n<td width=\"76\">1N<\/td>\n<td width=\"65\">Noite<\/td>\n<\/tr>\n<tr>\n<td width=\"77\">16130<\/td>\n<td width=\"318\">ISABELE EPIFANIO COSTA<\/td>\n<td width=\"161\">T\u00e9c. Em Nutri\u00e7\u00e3o<\/td>\n<td width=\"76\">2N<\/td>\n<td width=\"65\">Noite<\/td>\n<\/tr>\n<tr>\n<td width=\"77\">16658<\/td>\n<td width=\"318\">VANESSA SANTOS DA SILVA<\/td>\n<td width=\"161\">T\u00e9c. Em Qu\u00edmica<\/td>\n<td width=\"76\">1J<\/td>\n<td width=\"65\">Noite<\/td>\n<\/tr>\n<tr>\n<td width=\"77\">17198<\/td>\n<td width=\"318\">DANIEL SEIITI BRUM<\/td>\n<td width=\"161\">T\u00e9c. Em Qu\u00edmica<\/td>\n<td width=\"76\">1J<\/td>\n<td width=\"65\">Noite<\/td>\n<\/tr>\n<tr>\n<td width=\"77\">16160<\/td>\n<td width=\"318\">ANDERSON CARLOS FERREIRA<\/td>\n<td width=\"161\">T\u00e9c. Em Qu\u00edmica<\/td>\n<td width=\"76\">2J<\/td>\n<td width=\"65\">Noite<\/td>\n<\/tr>\n<tr>\n<td width=\"77\">16109<\/td>\n<td width=\"318\">LARISSA SANTI FERREIRA<\/td>\n<td width=\"161\">T\u00e9c. Em Qu\u00edmica<\/td>\n<td width=\"76\">2J<\/td>\n<td width=\"65\">Noite<\/td>\n<\/tr>\n<tr>\n<td width=\"77\">16525<\/td>\n<td width=\"318\">LUANNE GABRIELLY DE SANTANA BARBOSA<\/td>\n<td width=\"161\">T\u00e9c. Em Qu\u00edmica<\/td>\n<td width=\"76\">2J<\/td>\n<td width=\"65\">Noite<\/td>\n<\/tr>\n<tr>\n<td width=\"77\">42967<\/td>\n<td width=\"318\">ARTHUR FERNANDO GRACIANO<\/td>\n<td width=\"161\">T\u00e9c. Em Qu\u00edmica<\/td>\n<td width=\"76\">2J<\/td>\n<td width=\"65\">Noite<\/td>\n<\/tr>\n<\/tbody>\n<\/table>\n<p>&nbsp;<\/p>\n","protected":false},"excerpt":{"rendered":"<p>O Diretor da Escola T\u00e9cnica Estadual Irm\u00e3 Agostina, no uso de suas atribui\u00e7\u00f5es, CONVOCA os alunos abaixo relacionados para justificarem por escrito na secretaria acad\u00eamica, no prazo de 05 (cinco) dias \u00fateis, a contar da data de publica\u00e7\u00e3o da presente convoca\u00e7\u00e3o, a aus\u00eancia \u00e0s aulas por mais de 15 (quinze) dias consecutivos. A falta de&nbsp;&hellip;<\/p>\n","protected":false},"author":1,"featured_media":0,"comment_status":"closed","ping_status":"open","sticky":false,"template":"","format":"standard","meta":[],"categories":[2],"tags":[],"_links":{"self":[{"href":"https:\/\/etecia.com.br\/index.php?rest_route=\/wp\/v2\/posts\/1972"}],"collection":[{"href":"https:\/\/etecia.com.br\/index.php?rest_route=\/wp\/v2\/posts"}],"about":[{"href":"https:\/\/etecia.com.br\/index.php?rest_route=\/wp\/v2\/types\/post"}],"author":[{"embeddable":true,"href":"https:\/\/etecia.com.br\/index.php?rest_route=\/wp\/v2\/users\/1"}],"replies":[{"embeddable":true,"href":"https:\/\/etecia.com.br\/index.php?rest_route=%2Fwp%2Fv2%2Fcomments&post=1972"}],"version-history":[{"count":0,"href":"https:\/\/etecia.com.br\/index.php?rest_route=\/wp\/v2\/posts\/1972\/revisions"}],"wp:attachment":[{"href":"https:\/\/etecia.com.br\/index.php?rest_route=%2Fwp%2Fv2%2Fmedia&parent=1972"}],"wp:term":[{"taxonomy":"category","embeddable":true,"href":"https:\/\/etecia.com.br\/index.php?rest_route=%2Fwp%2Fv2%2Fcategories&post=1972"},{"taxonomy":"post_tag","embeddable":true,"href":"https:\/\/etecia.com.br\/index.php?rest_route=%2Fwp%2Fv2%2Ftags&post=1972"}],"curies":[{"name":"wp","href":"https:\/\/api.w.org\/{rel}","templated":true}]}}