{"id":1905,"date":"2017-01-16T17:00:34","date_gmt":"2017-01-16T20:00:34","guid":{"rendered":"http:\/\/etecia.com.br\/portaletecia\/?p=1905"},"modified":"2017-01-16T17:00:34","modified_gmt":"2017-01-16T20:00:34","slug":"lista-dos-aprovados-no-vestibulinho-2017-primeiro-semestre","status":"publish","type":"post","link":"https:\/\/etecia.com.br\/?p=1905","title":{"rendered":"Lista dos Aprovados no Vestibulinho 2017 &#8211; primeiro semestre"},"content":{"rendered":"<p style=\"color: #5c5c5c;\">Foi divulgada a lista de classifica\u00e7\u00e3o do vestibulinho para o primeiro semestre de 2017 para os cursos t\u00e9cnicos noturno e ensino m\u00e9dio integrado ao t\u00e9cnico.<\/p>\n<p style=\"color: #5c5c5c;\"><strong>Orienta\u00e7\u00f5es sobre a matr\u00edcula<\/strong><\/p>\n<p style=\"color: #5c5c5c;\"><strong>Hor\u00e1rio:<\/strong>\u00a0as matr\u00edculas devem ser realizadas de segunda a sexta das\u00a0<strong>14:00\u00a0\u00e0s 19:00<\/strong>\u00a0na secretaria acad\u00eamica da ETEC Irm\u00e3 Agostina (Rua Feliciano Correia, s\/n Cidade Dutra).<\/p>\n<p style=\"color: #5c5c5c;\"><strong>Aprovados:<\/strong>\u00a0S\u00e3o considerados aprovados os alunos melhores classificados de acordo com a quantidade de vagas no curso. Para verificar se voc\u00ea est\u00e1 aprovado, verifique se seu nome aparece na lista no link abaixo. Voc\u00ea pode ainda ser convocado para as pr\u00f3ximas chamadas de acordo com cronograma a seguir:<\/p>\n<ul style=\"color: #5c5c5c;\">\n<li>19, 20\u00a0e 23\/01: primeira chamada (<span style=\"text-decoration: underline;\"><a href=\"http:\/\/etecia.com.br\/portaletecia\/wp-content\/uploads\/2017\/01\/1a-Lista-de-Chamada-Geral.pdf\" target=\"_blank\">lista de convocados em 1a chamada<\/a><\/span>)<\/li>\n<li>24 e 26\/01: segunda chamada (<span style=\"text-decoration: underline;\"><a href=\"http:\/\/etecia.com.br\/portaletecia\/wp-content\/uploads\/2017\/01\/2a-Lista-de-Chamada-Geral.pdf\" target=\"_blank\">lista de convocados em 2a chamada<\/a><\/span>)<\/li>\n<li>27\/01: terceira chamada (<a href=\"http:\/\/etecia.com.br\/portaletecia\/wp-content\/uploads\/2017\/01\/3a-Lista-de-Chamada-Geral.pdf\" target=\"_blank\"><span style=\"text-decoration: underline;\">lista de convocados em 3a chamada<\/span><\/a>)<\/li>\n<\/ul>\n<p style=\"color: #5c5c5c;\">As listas estar\u00e3o dispon\u00edveis nesse site e nos murais da ETEC Irm\u00e3 Agostina<\/p>\n<p style=\"color: #5c5c5c;\"><strong>Documentos:\u00a0<\/strong>para efetivar a matr\u00edcula o aluno deve apresentar os seguintes documentos:<\/p>\n<ul style=\"color: #5c5c5c;\">\n<li>C\u00f3pia e original de documento de identidade (RG)<\/li>\n<li>C\u00f3pia e original do CPF<\/li>\n<li>1 foto 3&#215;4 recente<\/li>\n<li>Se o candidato declarou ter estudado em escola p\u00fablica deve apresentar documento que comprove essa informa\u00e7\u00e3o (hist\u00f3rico escolar ou declara\u00e7\u00e3o)<\/li>\n<li>Para ingressantes do Ensino M\u00e9dio Integrado, comprovante de conclus\u00e3o do ensino fundamental (hist\u00f3rico ou declara\u00e7\u00e3o)<\/li>\n<li>Para ingressantes do Curso T\u00e9cnico, comprovante de conclus\u00e3o do ensino m\u00e9dio ou declara\u00e7\u00e3o de matr\u00edcula no 2o ou 3o ano do ensino m\u00e9dio.<\/li>\n<\/ul>\n<p style=\"color: #5c5c5c;\"><strong>Observa\u00e7\u00f5es:<\/strong><\/p>\n<p style=\"color: #5c5c5c;\"><span style=\"color: black;\">Se impossibilitado de comparecer para realizar a matr\u00edcula<\/span><span style=\"font-weight: normal; color: black;\">, o candidato\u00a0poder\u00e1 indicar um representante, portando uma procura\u00e7\u00e3o simples, juntamente com os documentos exigidos. Nesse caso, a Etec Irm\u00e3 Agostina n\u00e3o se responsabilizar\u00e1, todavia, por eventuais erros cometidos no preenchimento do requerimento de matr\u00edcula.<\/span><\/p>\n<p style=\"color: #5c5c5c;\"><strong><span style=\"color: black;\">N\u00e3o haver\u00e1, em hip\u00f3tese alguma, matr\u00edcula condicional<\/span><\/strong><span style=\"font-weight: normal; color: black;\">, conforme o Regimento Comum das Escolas T\u00e9cnicas do Centro Estadual de Educa\u00e7\u00e3o Tecnol\u00f3gica \u201cPaula Souza\u201d. N\u00e3o ser\u00e3o aceitas matr\u00edculas com falta de documentos.<\/span><\/p>\n<p style=\"color: #5c5c5c;\">Recomenda-se a leitura da portaria CEETEPS com todas as informa\u00e7\u00f5es do processo do Vestibulinho, dispon\u00edvel no site vestibulinhoetec.com.br<\/p>\n","protected":false},"excerpt":{"rendered":"<p>Foi divulgada a lista de classifica\u00e7\u00e3o do vestibulinho para o primeiro semestre de 2017 para os cursos t\u00e9cnicos noturno e ensino m\u00e9dio integrado ao t\u00e9cnico. Orienta\u00e7\u00f5es sobre a matr\u00edcula Hor\u00e1rio:\u00a0as matr\u00edculas devem ser realizadas de segunda a sexta das\u00a014:00\u00a0\u00e0s 19:00\u00a0na secretaria acad\u00eamica da ETEC Irm\u00e3 Agostina (Rua Feliciano Correia, s\/n Cidade Dutra). Aprovados:\u00a0S\u00e3o considerados aprovados&nbsp;&hellip;<\/p>\n","protected":false},"author":1,"featured_media":0,"comment_status":"closed","ping_status":"open","sticky":false,"template":"","format":"standard","meta":[],"categories":[2],"tags":[],"_links":{"self":[{"href":"https:\/\/etecia.com.br\/index.php?rest_route=\/wp\/v2\/posts\/1905"}],"collection":[{"href":"https:\/\/etecia.com.br\/index.php?rest_route=\/wp\/v2\/posts"}],"about":[{"href":"https:\/\/etecia.com.br\/index.php?rest_route=\/wp\/v2\/types\/post"}],"author":[{"embeddable":true,"href":"https:\/\/etecia.com.br\/index.php?rest_route=\/wp\/v2\/users\/1"}],"replies":[{"embeddable":true,"href":"https:\/\/etecia.com.br\/index.php?rest_route=%2Fwp%2Fv2%2Fcomments&post=1905"}],"version-history":[{"count":0,"href":"https:\/\/etecia.com.br\/index.php?rest_route=\/wp\/v2\/posts\/1905\/revisions"}],"wp:attachment":[{"href":"https:\/\/etecia.com.br\/index.php?rest_route=%2Fwp%2Fv2%2Fmedia&parent=1905"}],"wp:term":[{"taxonomy":"category","embeddable":true,"href":"https:\/\/etecia.com.br\/index.php?rest_route=%2Fwp%2Fv2%2Fcategories&post=1905"},{"taxonomy":"post_tag","embeddable":true,"href":"https:\/\/etecia.com.br\/index.php?rest_route=%2Fwp%2Fv2%2Ftags&post=1905"}],"curies":[{"name":"wp","href":"https:\/\/api.w.org\/{rel}","templated":true}]}}