{"id":1872,"date":"2017-01-05T15:04:00","date_gmt":"2017-01-05T18:04:00","guid":{"rendered":"http:\/\/etecia.com.br\/portaletecia\/?p=1872"},"modified":"2017-01-05T15:04:00","modified_gmt":"2017-01-05T18:04:00","slug":"projeto-inclusao-digital-da-terceira-idade","status":"publish","type":"post","link":"https:\/\/etecia.com.br\/?p=1872","title":{"rendered":"Projeto Inclus\u00e3o Digital da Terceira Idade"},"content":{"rendered":"<p>Projeto desenvolvido voluntariamente por professores e alunos o curso foi ministrado no m\u00eas de outubro e mais uma vez foi um sucesso. O curso tem como objetivo resgatar a popula\u00e7\u00e3o idosa da regi\u00e3o que n\u00e3o encontra-se inclu\u00eddos no mundo digital, com o foco de proporcionar aos mesmos a capacita\u00e7\u00e3o das necessidades de diferenciar as ferramentas de \u00e9poca e novas ferramentas utilizadas atualmente, utilizar o computador adequadamente, manuseando de forma organizada o sistema operacional e seus aplicativos.<\/p>\n<p><a href=\"http:\/\/etecia.com.br\/portaletecia\/wp-content\/uploads\/2017\/01\/IMG-20161015-WA0003.jpg\" class=\"broken_link\"><img loading=\"lazy\" class=\"alignleft size-medium wp-image-1892\" src=\"http:\/\/etecia.com.br\/portaletecia\/wp-content\/uploads\/2017\/01\/IMG-20161015-WA0003-300x180.jpg\" alt=\"img-20161015-wa0003\" width=\"300\" height=\"180\" \/><\/a><\/p>\n<p>&nbsp;<\/p>\n","protected":false},"excerpt":{"rendered":"<p>Projeto desenvolvido voluntariamente por professores e alunos o curso foi ministrado no m\u00eas de outubro e mais uma vez foi um sucesso. O curso tem como objetivo resgatar a popula\u00e7\u00e3o idosa da regi\u00e3o que n\u00e3o encontra-se inclu\u00eddos no mundo digital, com o foco de proporcionar aos mesmos a capacita\u00e7\u00e3o das necessidades de diferenciar as ferramentas&nbsp;&hellip;<\/p>\n","protected":false},"author":1,"featured_media":0,"comment_status":"closed","ping_status":"open","sticky":false,"template":"","format":"standard","meta":[],"categories":[2,7],"tags":[],"_links":{"self":[{"href":"https:\/\/etecia.com.br\/index.php?rest_route=\/wp\/v2\/posts\/1872"}],"collection":[{"href":"https:\/\/etecia.com.br\/index.php?rest_route=\/wp\/v2\/posts"}],"about":[{"href":"https:\/\/etecia.com.br\/index.php?rest_route=\/wp\/v2\/types\/post"}],"author":[{"embeddable":true,"href":"https:\/\/etecia.com.br\/index.php?rest_route=\/wp\/v2\/users\/1"}],"replies":[{"embeddable":true,"href":"https:\/\/etecia.com.br\/index.php?rest_route=%2Fwp%2Fv2%2Fcomments&post=1872"}],"version-history":[{"count":0,"href":"https:\/\/etecia.com.br\/index.php?rest_route=\/wp\/v2\/posts\/1872\/revisions"}],"wp:attachment":[{"href":"https:\/\/etecia.com.br\/index.php?rest_route=%2Fwp%2Fv2%2Fmedia&parent=1872"}],"wp:term":[{"taxonomy":"category","embeddable":true,"href":"https:\/\/etecia.com.br\/index.php?rest_route=%2Fwp%2Fv2%2Fcategories&post=1872"},{"taxonomy":"post_tag","embeddable":true,"href":"https:\/\/etecia.com.br\/index.php?rest_route=%2Fwp%2Fv2%2Ftags&post=1872"}],"curies":[{"name":"wp","href":"https:\/\/api.w.org\/{rel}","templated":true}]}}