{"id":1830,"date":"2016-09-29T19:22:18","date_gmt":"2016-09-29T22:22:18","guid":{"rendered":"http:\/\/etecia.com.br\/portaletecia\/?p=1830"},"modified":"2016-09-29T19:22:18","modified_gmt":"2016-09-29T22:22:18","slug":"feira-de-profissoes","status":"publish","type":"post","link":"https:\/\/etecia.com.br\/?p=1830","title":{"rendered":"Feira de Profiss\u00f5es"},"content":{"rendered":"<p>Acontecer\u00e1 no dia 01 de outubro no per\u00edodo da tarde a primeira edi\u00e7\u00e3o da feira de profiss\u00f5es da ETEC Irm\u00e3 Agostina.<\/p>\n<p>O evento ser\u00e1 divido em dois momentos:<\/p>\n<ul>\n<li>F\u00f3rum de Profiss\u00f5es: com a presen\u00e7a de profissionais da \u00e1rea expondo um panorama sobre o mercado de trabalho e oportunidades;<\/li>\n<li>Rodas de Conversas: com ex-alunos apresentando os caminhos da forma\u00e7\u00e3o e experi\u00eancias para cada \u00e1rea de conhecimento<\/li>\n<\/ul>\n<p>O evento ser\u00e1 separado para \u00e1reas de acordo com o cronograma a seguir:<\/p>\n<p><strong>F\u00f3rum de Profiss\u00f5es<\/strong><\/p>\n<ul>\n<li>13h00 &#8211; Humanas<\/li>\n<li>14h00 &#8211; Nutri\u00e7\u00e3o\/Sa\u00fade<\/li>\n<li>15h00 &#8211; Qu\u00edmica\/Engenharia<\/li>\n<\/ul>\n<p><strong>Rodas de Conversas<\/strong><\/p>\n<ul>\n<li>13h00 &#8211; Exatas<\/li>\n<li>14h00 &#8211; Humanas<\/li>\n<li>15h00 &#8211; Biol\u00f3gicas<\/li>\n<\/ul>\n<p><a href=\"http:\/\/etecia.com.br\/portaletecia\/wp-content\/uploads\/2016\/09\/feiradeprofissoes.pdf\" target=\"_blank\"><strong><span style=\"text-decoration: underline;\">Veja a programa\u00e7\u00e3o completa aqui.<\/span><\/strong><\/a><\/p>\n<p>&nbsp;<\/p>\n<p>&nbsp;<\/p>\n<p>A entrada \u00e9 franca e n\u00e3o h\u00e1 restri\u00e7\u00f5es de idade.<\/p>\n","protected":false},"excerpt":{"rendered":"<p>Acontecer\u00e1 no dia 01 de outubro no per\u00edodo da tarde a primeira edi\u00e7\u00e3o da feira de profiss\u00f5es da ETEC Irm\u00e3 Agostina. O evento ser\u00e1 divido em dois momentos: F\u00f3rum de Profiss\u00f5es: com a presen\u00e7a de profissionais da \u00e1rea expondo um panorama sobre o mercado de trabalho e oportunidades; Rodas de Conversas: com ex-alunos apresentando os&nbsp;&hellip;<\/p>\n","protected":false},"author":1,"featured_media":0,"comment_status":"closed","ping_status":"open","sticky":false,"template":"","format":"standard","meta":[],"categories":[2],"tags":[],"_links":{"self":[{"href":"https:\/\/etecia.com.br\/index.php?rest_route=\/wp\/v2\/posts\/1830"}],"collection":[{"href":"https:\/\/etecia.com.br\/index.php?rest_route=\/wp\/v2\/posts"}],"about":[{"href":"https:\/\/etecia.com.br\/index.php?rest_route=\/wp\/v2\/types\/post"}],"author":[{"embeddable":true,"href":"https:\/\/etecia.com.br\/index.php?rest_route=\/wp\/v2\/users\/1"}],"replies":[{"embeddable":true,"href":"https:\/\/etecia.com.br\/index.php?rest_route=%2Fwp%2Fv2%2Fcomments&post=1830"}],"version-history":[{"count":0,"href":"https:\/\/etecia.com.br\/index.php?rest_route=\/wp\/v2\/posts\/1830\/revisions"}],"wp:attachment":[{"href":"https:\/\/etecia.com.br\/index.php?rest_route=%2Fwp%2Fv2%2Fmedia&parent=1830"}],"wp:term":[{"taxonomy":"category","embeddable":true,"href":"https:\/\/etecia.com.br\/index.php?rest_route=%2Fwp%2Fv2%2Fcategories&post=1830"},{"taxonomy":"post_tag","embeddable":true,"href":"https:\/\/etecia.com.br\/index.php?rest_route=%2Fwp%2Fv2%2Ftags&post=1830"}],"curies":[{"name":"wp","href":"https:\/\/api.w.org\/{rel}","templated":true}]}}