{"id":1693,"date":"2016-07-15T16:38:54","date_gmt":"2016-07-15T19:38:54","guid":{"rendered":"http:\/\/etecia.com.br\/portaletecia\/?p=1693"},"modified":"2016-07-15T16:38:54","modified_gmt":"2016-07-15T19:38:54","slug":"edital-de-resultado-da-prova-escrita-e-convocacao-para-a-prova-de-metodos-pedagogicos-filosofia-e-planejamento-alimentar","status":"publish","type":"post","link":"https:\/\/etecia.com.br\/?p=1693","title":{"rendered":"EDITAL DE RESULTADO DA PROVA ESCRITA E CONVOCA\u00c7\u00c3O PARA A PROVA DE M\u00c9TODOS PEDAG\u00d3GICOS (Filosofia e Planejamento Alimentar)"},"content":{"rendered":"<p>Resultado da prova te\u00f3rica dos concursos de Filosofia e Planejamento Alimentar.<\/p>\n<p>Clique no link abaixo para ter acesso ao edital completo de convoca\u00e7\u00e3o.<\/p>\n<p><span style=\"text-decoration: underline;\"><a href=\"http:\/\/etecia.com.br\/portaletecia\/wp-content\/uploads\/2016\/07\/Convoca\u00e7\u00e3o-Aula-Teste-Filosofia.pdf\" target=\"_blank\">Resultado e Convoca\u00e7\u00e3o para prova pr\u00e1tica Componente Curricular <strong>Filosofia<\/strong><\/a><\/span><\/p>\n<p><span style=\"text-decoration: underline;\"><a href=\"http:\/\/etecia.com.br\/portaletecia\/wp-content\/uploads\/2016\/07\/Convoca\u00e7\u00e3o-Aula-Teste-Planejamento-Alimentar.pdf\" target=\"_blank\">Resultado e Convoca\u00e7\u00e3o para prova pr\u00e1tica Componente Curricular <strong>Planejamento Alimentar<\/strong><\/a><\/span><\/p>\n<p>&nbsp;<\/p>\n","protected":false},"excerpt":{"rendered":"<p>Resultado da prova te\u00f3rica dos concursos de Filosofia e Planejamento Alimentar. Clique no link abaixo para ter acesso ao edital completo de convoca\u00e7\u00e3o. Resultado e Convoca\u00e7\u00e3o para prova pr\u00e1tica Componente Curricular Filosofia Resultado e Convoca\u00e7\u00e3o para prova pr\u00e1tica Componente Curricular Planejamento Alimentar &nbsp;<\/p>\n","protected":false},"author":1,"featured_media":0,"comment_status":"closed","ping_status":"open","sticky":false,"template":"","format":"standard","meta":[],"categories":[8,2],"tags":[],"_links":{"self":[{"href":"https:\/\/etecia.com.br\/index.php?rest_route=\/wp\/v2\/posts\/1693"}],"collection":[{"href":"https:\/\/etecia.com.br\/index.php?rest_route=\/wp\/v2\/posts"}],"about":[{"href":"https:\/\/etecia.com.br\/index.php?rest_route=\/wp\/v2\/types\/post"}],"author":[{"embeddable":true,"href":"https:\/\/etecia.com.br\/index.php?rest_route=\/wp\/v2\/users\/1"}],"replies":[{"embeddable":true,"href":"https:\/\/etecia.com.br\/index.php?rest_route=%2Fwp%2Fv2%2Fcomments&post=1693"}],"version-history":[{"count":0,"href":"https:\/\/etecia.com.br\/index.php?rest_route=\/wp\/v2\/posts\/1693\/revisions"}],"wp:attachment":[{"href":"https:\/\/etecia.com.br\/index.php?rest_route=%2Fwp%2Fv2%2Fmedia&parent=1693"}],"wp:term":[{"taxonomy":"category","embeddable":true,"href":"https:\/\/etecia.com.br\/index.php?rest_route=%2Fwp%2Fv2%2Fcategories&post=1693"},{"taxonomy":"post_tag","embeddable":true,"href":"https:\/\/etecia.com.br\/index.php?rest_route=%2Fwp%2Fv2%2Ftags&post=1693"}],"curies":[{"name":"wp","href":"https:\/\/api.w.org\/{rel}","templated":true}]}}