{"id":163,"date":"2012-07-24T22:36:05","date_gmt":"2012-07-25T01:36:05","guid":{"rendered":"http:\/\/etecia.com.br\/portaletecia\/?p=163"},"modified":"2012-07-24T22:36:05","modified_gmt":"2012-07-25T01:36:05","slug":"colacao-de-grau","status":"publish","type":"post","link":"https:\/\/etecia.com.br\/?p=163","title":{"rendered":"Cola\u00e7\u00e3o de grau"},"content":{"rendered":"<p>Na pr\u00f3xima sexta feira (27 de julho) acontece a primeira cola\u00e7\u00e3o de grau da Etec Irm\u00e3 Agostina.<br \/>\nO evento come\u00e7ar\u00e1 as 20:00 no audit\u00f3rio da escola.<\/p>\n<p>Os formandos poder\u00e3o retirar os 4 convites que tem direito na quinta feira. Os alunos n\u00e3o precisam de convite para entrar, basta apresentar a carteirinha da escola. Menores de 12 anos n\u00e3o precisam de convites.<\/p>\n<p>Devido aos preparativos para a festa, nesse dia n\u00e3o haver\u00e1 aula para os per\u00edodos da tarde e da noite.<\/p>\n<p>Venha fazer parte dessa festa hist\u00f3rica.<\/p>\n<p><a href=\"http:\/\/etecia.com.br\/portaletecia\/wp-content\/uploads\/2012\/07\/20120724-223601.jpg\" class=\"broken_link\"><img class=\"alignnone size-full\" src=\"http:\/\/etecia.com.br\/portaletecia\/wp-content\/uploads\/2012\/07\/20120724-223601.jpg\" alt=\"20120724-223601.jpg\" \/><\/a><\/p>\n","protected":false},"excerpt":{"rendered":"<p>Na pr\u00f3xima sexta feira (27 de julho) acontece a primeira cola\u00e7\u00e3o de grau da Etec Irm\u00e3 Agostina. O evento come\u00e7ar\u00e1 as 20:00 no audit\u00f3rio da escola. Os formandos poder\u00e3o retirar os 4 convites que tem direito na quinta feira. Os alunos n\u00e3o precisam de convite para entrar, basta apresentar a carteirinha da escola. Menores de&nbsp;&hellip;<\/p>\n","protected":false},"author":1,"featured_media":0,"comment_status":"closed","ping_status":"open","sticky":false,"template":"","format":"standard","meta":[],"categories":[2],"tags":[],"_links":{"self":[{"href":"https:\/\/etecia.com.br\/index.php?rest_route=\/wp\/v2\/posts\/163"}],"collection":[{"href":"https:\/\/etecia.com.br\/index.php?rest_route=\/wp\/v2\/posts"}],"about":[{"href":"https:\/\/etecia.com.br\/index.php?rest_route=\/wp\/v2\/types\/post"}],"author":[{"embeddable":true,"href":"https:\/\/etecia.com.br\/index.php?rest_route=\/wp\/v2\/users\/1"}],"replies":[{"embeddable":true,"href":"https:\/\/etecia.com.br\/index.php?rest_route=%2Fwp%2Fv2%2Fcomments&post=163"}],"version-history":[{"count":0,"href":"https:\/\/etecia.com.br\/index.php?rest_route=\/wp\/v2\/posts\/163\/revisions"}],"wp:attachment":[{"href":"https:\/\/etecia.com.br\/index.php?rest_route=%2Fwp%2Fv2%2Fmedia&parent=163"}],"wp:term":[{"taxonomy":"category","embeddable":true,"href":"https:\/\/etecia.com.br\/index.php?rest_route=%2Fwp%2Fv2%2Fcategories&post=163"},{"taxonomy":"post_tag","embeddable":true,"href":"https:\/\/etecia.com.br\/index.php?rest_route=%2Fwp%2Fv2%2Ftags&post=163"}],"curies":[{"name":"wp","href":"https:\/\/api.w.org\/{rel}","templated":true}]}}