{"id":1593,"date":"2016-06-24T11:57:27","date_gmt":"2016-06-24T14:57:27","guid":{"rendered":"http:\/\/etecia.com.br\/portaletecia\/?p=1593"},"modified":"2016-06-24T11:57:27","modified_gmt":"2016-06-24T14:57:27","slug":"resultado-da-primeira-fase-do-processo-especial-de-selecao-de-candidatos-para-preenchimento-de-vagas-remanescentes-dos-cursos-tecnicos","status":"publish","type":"post","link":"https:\/\/etecia.com.br\/?p=1593","title":{"rendered":"RESULTADO DA PRIMEIRA FASE DO PROCESSO ESPECIAL DE SELE\u00c7\u00c3O DE CANDIDATOS PARA PREENCHIMENTO DE VAGAS REMANESCENTES DOS CURSOS T\u00c9CNICOS"},"content":{"rendered":"<p>&nbsp;<\/p>\n<p>Os candidatos classificados devem comparecer na unidade no hor\u00e1rio marcado para participar da segunda fase (entrevista classificat\u00f3ria). A entrevista ser\u00e1 na segunda-feira 27 de junho de 2016.<\/p>\n<p>&nbsp;<\/p>\n<p>&nbsp;<\/p>\n<p>&nbsp;<\/p>\n<table width=\"581\">\n<tbody>\n<tr>\n<td width=\"64\"><strong>Inscri\u00e7\u00e3o<\/strong><\/td>\n<td width=\"247\"><strong>Nome<\/strong><\/td>\n<td width=\"97\"><strong>Curso<\/strong><\/td>\n<td width=\"109\"><strong>Resultado<\/strong><\/td>\n<td width=\"64\"><strong>Hor\u00e1rio da Entrevista<\/strong><\/td>\n<\/tr>\n<tr>\n<td width=\"64\">1<\/td>\n<td width=\"247\">Rafael dos Santos Oliveira<\/td>\n<td width=\"97\">Qu\u00edmica<\/td>\n<td width=\"109\">Classificado<\/td>\n<td width=\"64\">19h00<\/td>\n<\/tr>\n<tr>\n<td width=\"64\">2<\/td>\n<td width=\"247\">Henrique Xavier da Rocha<\/td>\n<td width=\"97\">Qu\u00edmica<\/td>\n<td width=\"109\">Classificado<\/td>\n<td width=\"64\">19h00<\/td>\n<\/tr>\n<tr>\n<td width=\"64\">3<\/td>\n<td width=\"247\">Lucas Henrique dos Santos<\/td>\n<td width=\"97\">Qu\u00edmica<\/td>\n<td width=\"109\">Classificado<\/td>\n<td width=\"64\">19h20<\/td>\n<\/tr>\n<tr>\n<td width=\"64\">4<\/td>\n<td width=\"247\">Marcela Ferreira Philipowski<\/td>\n<td width=\"97\">Administra\u00e7\u00e3o<\/td>\n<td width=\"109\">Classificado<\/td>\n<td width=\"64\">19h20<\/td>\n<\/tr>\n<tr>\n<td width=\"64\">5<\/td>\n<td width=\"247\">Natanael Lima de Souza<\/td>\n<td width=\"97\">Qu\u00edmica<\/td>\n<td width=\"109\">Classificado<\/td>\n<td width=\"64\">19h40<\/td>\n<\/tr>\n<tr>\n<td width=\"64\">6<\/td>\n<td width=\"247\">Ricardo de Jesus Martins<\/td>\n<td width=\"97\">Nutri\u00e7\u00e3o<\/td>\n<td width=\"109\">Classificado<\/td>\n<td width=\"64\">19h40<\/td>\n<\/tr>\n<tr>\n<td width=\"64\">7<\/td>\n<td width=\"247\">Cristina Maria da Silva<\/td>\n<td width=\"97\">Nutri\u00e7\u00e3o<\/td>\n<td width=\"109\">Classificado<\/td>\n<td width=\"64\">20h00<\/td>\n<\/tr>\n<tr>\n<td width=\"64\">8<\/td>\n<td width=\"247\">Gilton Alves Moreira<\/td>\n<td width=\"97\">Qu\u00edmica<\/td>\n<td width=\"109\">Classificado<\/td>\n<td width=\"64\">20h00<\/td>\n<\/tr>\n<tr>\n<td width=\"64\">9<\/td>\n<td width=\"247\">Andr\u00e9a Bernardino de Souza<\/td>\n<td width=\"97\">Nutri\u00e7\u00e3o<\/td>\n<td width=\"109\">Classificado<\/td>\n<td width=\"64\">20h20<\/td>\n<\/tr>\n<tr>\n<td width=\"64\">10<\/td>\n<td width=\"247\">Camila Silva Marques<\/td>\n<td width=\"97\">Qu\u00edmica<\/td>\n<td width=\"109\">Classificado<\/td>\n<td width=\"64\">20h20<\/td>\n<\/tr>\n<tr>\n<td width=\"64\">11<\/td>\n<td width=\"247\">Pedro Luiz Silva Machado<\/td>\n<td width=\"97\">Qu\u00edmica<\/td>\n<td width=\"109\">Classificado<\/td>\n<td width=\"64\">21h00<\/td>\n<\/tr>\n<tr>\n<td width=\"64\">12<\/td>\n<td width=\"247\">Juvenildes Neri de Oliveira Pereira<\/td>\n<td width=\"97\">Nutri\u00e7\u00e3o<\/td>\n<td width=\"109\">N\u00e3o Classificado<\/td>\n<td width=\"64\">&#8211;<\/td>\n<\/tr>\n<tr>\n<td width=\"64\">13<\/td>\n<td width=\"247\">Sonia Silva de Deus Nascimento<\/td>\n<td width=\"97\">Nutri\u00e7\u00e3o<\/td>\n<td width=\"109\">Classificado<\/td>\n<td width=\"64\">21h00<\/td>\n<\/tr>\n<\/tbody>\n<\/table>\n","protected":false},"excerpt":{"rendered":"<p>&nbsp; Os candidatos classificados devem comparecer na unidade no hor\u00e1rio marcado para participar da segunda fase (entrevista classificat\u00f3ria). A entrevista ser\u00e1 na segunda-feira 27 de junho de 2016. &nbsp; &nbsp; &nbsp; Inscri\u00e7\u00e3o Nome Curso Resultado Hor\u00e1rio da Entrevista 1 Rafael dos Santos Oliveira Qu\u00edmica Classificado 19h00 2 Henrique Xavier da Rocha Qu\u00edmica Classificado 19h00 3&nbsp;&hellip;<\/p>\n","protected":false},"author":1,"featured_media":0,"comment_status":"closed","ping_status":"open","sticky":false,"template":"","format":"standard","meta":[],"categories":[2],"tags":[],"_links":{"self":[{"href":"https:\/\/etecia.com.br\/index.php?rest_route=\/wp\/v2\/posts\/1593"}],"collection":[{"href":"https:\/\/etecia.com.br\/index.php?rest_route=\/wp\/v2\/posts"}],"about":[{"href":"https:\/\/etecia.com.br\/index.php?rest_route=\/wp\/v2\/types\/post"}],"author":[{"embeddable":true,"href":"https:\/\/etecia.com.br\/index.php?rest_route=\/wp\/v2\/users\/1"}],"replies":[{"embeddable":true,"href":"https:\/\/etecia.com.br\/index.php?rest_route=%2Fwp%2Fv2%2Fcomments&post=1593"}],"version-history":[{"count":0,"href":"https:\/\/etecia.com.br\/index.php?rest_route=\/wp\/v2\/posts\/1593\/revisions"}],"wp:attachment":[{"href":"https:\/\/etecia.com.br\/index.php?rest_route=%2Fwp%2Fv2%2Fmedia&parent=1593"}],"wp:term":[{"taxonomy":"category","embeddable":true,"href":"https:\/\/etecia.com.br\/index.php?rest_route=%2Fwp%2Fv2%2Fcategories&post=1593"},{"taxonomy":"post_tag","embeddable":true,"href":"https:\/\/etecia.com.br\/index.php?rest_route=%2Fwp%2Fv2%2Ftags&post=1593"}],"curies":[{"name":"wp","href":"https:\/\/api.w.org\/{rel}","templated":true}]}}