{"id":1583,"date":"2016-06-22T11:43:25","date_gmt":"2016-06-22T14:43:25","guid":{"rendered":"http:\/\/etecia.com.br\/portaletecia\/?p=1583"},"modified":"2016-06-22T11:43:25","modified_gmt":"2016-06-22T14:43:25","slug":"edital-de-deferimento-e-indeferimento-de-inscricoes-e-convocacao-para-a-prova-escrita-filosofia","status":"publish","type":"post","link":"https:\/\/etecia.com.br\/?p=1583","title":{"rendered":"EDITAL DE DEFERIMENTO E INDEFERIMENTO DE INSCRI\u00c7\u00d5ES E CONVOCA\u00c7\u00c3O PARA A PROVA ESCRITA FILOSOFIA"},"content":{"rendered":"<p>&nbsp;<\/p>\n<p>ETEC IRM\u00c3 AGOSTINA &#8211; S\u00c3O PAULO<\/p>\n<p>CONCURSO P\u00daBLICO DE PROFESSOR DE ENSINO M\u00c9DIO E T\u00c9CNICO &#8211; EDITAL N\u00ba 238\/04\/2016 &#8211; PROCESSO N\u00ba 0003927\/2016<\/p>\n<p>AUTORIZA\u00c7\u00c3O GOVERNAMENTAL:<\/p>\n<p>DESPACHO PUBLICADO NO DOE DE 26\/05\/2015, SE\u00c7\u00c3O I, P\u00c1GINA 1 \u2013 PROCESSO N\u00ba 5.976\/2014 (SGP-10.908-15)<\/p>\n<p>EDITAL DE DEFERIMENTO E INDEFERIMENTO DE INSCRI\u00c7\u00d5ES E CONVOCA\u00c7\u00c3O PARA A PROVA ESCRITA.<\/p>\n<p>A Comiss\u00e3o Especial de Concurso P\u00fablico da ETEC Irm\u00e3 Agostina comunica aos candidatos abaixo relacionados o deferimento e indeferimento das inscri\u00e7\u00f5es e convoca para a Prova Escrita, a ser realizada na ETEC Irm\u00e3 Agostina, sita na Av. Feliciano Correia, s n\u00ba, S\u00e3o Paulo. Os candidatos convocados atender\u00e3o ao disposto no item 9 do Cap\u00edtulo X do Edital de Abertura de Inscri\u00e7\u00f5es.<\/p>\n<p>&#8211; COMPONENTE CURRICULAR: FILOSOFIA (BASE NACIONAL COMUM &#8211; ENSINO MEDIO) \u2013 01\/03 &#8211; MATUTINO\/VESPERTINO<\/p>\n<p>INSCRI\u00c7\u00c3O(\u00d5ES) DEFERIDA(S):<br \/>\nN\u00ba de Inscri\u00e7\u00e3o\/Nome ou Nome Social\/ D.I. \u2013 Tipo\/ CPF:<br \/>\n01\/Washington Barros Gonzaga\/30.847.972-5-RG\/224.511.088-94.<br \/>\n02\/Tiago Marques de Oliveira\/ 11230318-86-RG\/017.529.435-62.<br \/>\n03\/Homero Santos Souza Filho\/32.432.548-4-RG\/300.096.468-17.<br \/>\n04\/Megione Bassetto de Castro\/34.278.870-X-RG\/223.707.808-43.<br \/>\n05\/Roger Augusto Barbosa Montemor\/42.151.113-8-RG\/418.344.138-26.<br \/>\n06\/Anderson Santos de Sousa\/ 33.724.331-1-RG\/315.871.878-25.<br \/>\n07\/Deuzimar Gon\u00e7alves de Santana\/25.973.130-4-RG\/189.664.738-30.<br \/>\n08\/Leandro Gomes da Silva\/43.287.335-1-RG\/229.765.168-63.<br \/>\n09\/Wilson Alves Sparvoli\/47.082.954-0-RG\/326.072.398-69.<br \/>\n10\/Jaqueline Fagundes\/33.092.846-6-RG\/259.133.548-69.<br \/>\n11\/Marcio Caetano Pereira\/ 26.688.793-4-RG\/164.924.998-59.<br \/>\n12\/Rosely de Fatima Silva\/18.138.660-4-RG\/111.543.438-12.<br \/>\n13\/Marco Antonio Moraes Junior\/41.025.336-4-RG\/328.718.908-54.<br \/>\n14\/ Camila de Fatima Silva Oliveira de Mira\/42.246.308-5-RG\/318.452.088-97.<br \/>\n15\/Aaron Marques Fre\/33.755.988-0-RG\/304.701.258-02.<br \/>\n16\/Wender Tomaz dos Reis\/42.943.954-4-RG\/332.672.728-31.<br \/>\n17\/Lino Alves de Carvalho\/ 20.508.811-9-RG\/101.891.838-88.<br \/>\n18\/Raquel Catarina Alves Landim\/MG-15.881.348-RG\/084.958.766-20.<br \/>\n19\/Kathleen Ferreira Angulo\/33.268.255-9-RG\/392.201.368-64.<br \/>\n20\/Cecilia Soares Mombelli\/20687636855-RG\/010.930.400-41.<br \/>\n21\/Raphael Paulino Gimenes\/43.970.969-6-RG\/341.103. 878-09.<br \/>\nDATA: 05\/07\/2016.<br \/>\nHOR\u00c1RIO: 13:00 horas.<br \/>\nDURA\u00c7\u00c3O: 3 horas.<\/p>\n<p>PROGRAMA DA PROVA (seguindo o Anexo II do Edital de Abertura de Inscri\u00e7\u00f5es):<\/p>\n<p>PROGRAMAS DAS PROVAS<br \/>\n\u2022 Ler textos filos\u00f3ficos de modo significativo;<br \/>\n\u2022 Ler, de modo filos\u00f3fico, textos de diferentes estruturas e registros;<br \/>\n\u2022 Articular conhecimentos filos\u00f3ficos e diferentes conte\u00fados e modos discursivos nas ci\u00eancias naturais e humanas, nas artes e em outras produ\u00e7\u00f5es culturais;<br \/>\n\u2022 Contextualizar conhecimentos filos\u00f3ficos, tanto no plano de sua origem espec\u00edfica quanto em outros planos: o pessoal-biogr\u00e1fico; o entorno s\u00f3cio-pol\u00edtico, hist\u00f3rico e cultural; o horizonte da sociedade cient\u00edfico-tecnol\u00f3gica;<br \/>\n\u2022 Elaborar, por escrito, o que foi apropriado de modo reflexivo;<br \/>\n\u2022 Debater, tomando uma posi\u00e7\u00e3o, defendendo-a argumentativamente e mudando de posi\u00e7\u00e3o face a argumentos mais consistentes.<\/p>\n<p>Lei Federal 12.527, de 18-11-2011(Lei de Acesso a Informa\u00e7\u00e3o) e o Decreto 58.052, de 16-05-2012, que regulamenta a referida Lei no \u00e2mbito do Estado de S\u00e3o Paulo, al\u00e9m dos conhecimentos espec\u00edficos do componente curricular objeto de concurso p\u00fablico.<\/p>\n<p>S\u00e3o Paulo, 20\/06\/2016<\/p>\n<p>&nbsp;<\/p>\n","protected":false},"excerpt":{"rendered":"<p>&nbsp; ETEC IRM\u00c3 AGOSTINA &#8211; S\u00c3O PAULO CONCURSO P\u00daBLICO DE PROFESSOR DE ENSINO M\u00c9DIO E T\u00c9CNICO &#8211; EDITAL N\u00ba 238\/04\/2016 &#8211; PROCESSO N\u00ba 0003927\/2016 AUTORIZA\u00c7\u00c3O GOVERNAMENTAL: DESPACHO PUBLICADO NO DOE DE 26\/05\/2015, SE\u00c7\u00c3O I, P\u00c1GINA 1 \u2013 PROCESSO N\u00ba 5.976\/2014 (SGP-10.908-15) EDITAL DE DEFERIMENTO E INDEFERIMENTO DE INSCRI\u00c7\u00d5ES E CONVOCA\u00c7\u00c3O PARA A PROVA ESCRITA. A&nbsp;&hellip;<\/p>\n","protected":false},"author":1,"featured_media":0,"comment_status":"closed","ping_status":"open","sticky":false,"template":"","format":"standard","meta":[],"categories":[8,2],"tags":[],"_links":{"self":[{"href":"https:\/\/etecia.com.br\/index.php?rest_route=\/wp\/v2\/posts\/1583"}],"collection":[{"href":"https:\/\/etecia.com.br\/index.php?rest_route=\/wp\/v2\/posts"}],"about":[{"href":"https:\/\/etecia.com.br\/index.php?rest_route=\/wp\/v2\/types\/post"}],"author":[{"embeddable":true,"href":"https:\/\/etecia.com.br\/index.php?rest_route=\/wp\/v2\/users\/1"}],"replies":[{"embeddable":true,"href":"https:\/\/etecia.com.br\/index.php?rest_route=%2Fwp%2Fv2%2Fcomments&post=1583"}],"version-history":[{"count":0,"href":"https:\/\/etecia.com.br\/index.php?rest_route=\/wp\/v2\/posts\/1583\/revisions"}],"wp:attachment":[{"href":"https:\/\/etecia.com.br\/index.php?rest_route=%2Fwp%2Fv2%2Fmedia&parent=1583"}],"wp:term":[{"taxonomy":"category","embeddable":true,"href":"https:\/\/etecia.com.br\/index.php?rest_route=%2Fwp%2Fv2%2Fcategories&post=1583"},{"taxonomy":"post_tag","embeddable":true,"href":"https:\/\/etecia.com.br\/index.php?rest_route=%2Fwp%2Fv2%2Ftags&post=1583"}],"curies":[{"name":"wp","href":"https:\/\/api.w.org\/{rel}","templated":true}]}}