{"id":1579,"date":"2016-06-22T11:40:20","date_gmt":"2016-06-22T14:40:20","guid":{"rendered":"http:\/\/etecia.com.br\/portaletecia\/?p=1579"},"modified":"2016-06-22T11:40:20","modified_gmt":"2016-06-22T14:40:20","slug":"edital-de-deferimento-e-indeferimento-de-inscricoes-e-convocacao-para-a-prova-escrita","status":"publish","type":"post","link":"https:\/\/etecia.com.br\/?p=1579","title":{"rendered":"EDITAL DE DEFERIMENTO E INDEFERIMENTO DE INSCRI\u00c7\u00d5ES E CONVOCA\u00c7\u00c3O PARA A PROVA ESCRITA &#8211; Planejamento Alimentar"},"content":{"rendered":"<p>&nbsp;<\/p>\n<p>ETEC IRM\u00c3 AGOSTINA &#8211; S\u00c3O PAULO<\/p>\n<p>CONCURSO P\u00daBLICO DE PROFESSOR DE ENSINO M\u00c9DIO E T\u00c9CNICO &#8211; EDITAL N\u00ba 238\/03\/2016 &#8211; PROCESSO N\u00ba 0003923\/2016<\/p>\n<p>AUTORIZA\u00c7\u00c3O GOVERNAMENTAL:<\/p>\n<p>DESPACHO PUBLICADO NO DOE DE 26\/05\/2015, SE\u00c7\u00c3O I, P\u00c1GINA 1 \u2013 PROCESSO N\u00ba 5.976\/2014 (SGP-10.908-15)<\/p>\n<p>EDITAL DE DEFERIMENTO E INDEFERIMENTO DE INSCRI\u00c7\u00d5ES E CONVOCA\u00c7\u00c3O PARA A PROVA ESCRITA.<\/p>\n<p>A Comiss\u00e3o Especial de Concurso P\u00fablico da ETEC Irm\u00e3 Agostina comunica aos candidatos abaixo relacionados o deferimento e indeferimento das inscri\u00e7\u00f5es e convoca para a Prova Escrita, a ser realizada na ETEC Irm\u00e3 Agostina, sita na Av. Feliciano Correia, s n\u00ba, S\u00e3o Paulo. Os candidatos convocados atender\u00e3o ao disposto no item 9 do Cap\u00edtulo X do Edital de Abertura de Inscri\u00e7\u00f5es.<\/p>\n<p>&#8211; COMPONENTE CURRICULAR: PLANEJAMENTO ALIMENTAR (NUTRI\u00c7\u00c3O E DIET\u00c9TICA) \u2013 01\/05 &#8211; NOTURNO<br \/>\nINSCRI\u00c7\u00c3O(\u00d5ES) DEFERIDA(S):<br \/>\nN\u00ba de Inscri\u00e7\u00e3o\/Nome ou Nome Social\/ D.I. \u2013 Tipo\/ CPF:<br \/>\n01\/Daniele Custodio Gon\u00e7alves das Neves\/28.873.966-8-RG\/395.136.948-52.<br \/>\n02\/Suelen Jorge de Souza\/ 43.345.260-2-RG\/359.223.438-23.<br \/>\n03\/Alice Cristina C\u00f3ca Mendes\/35.980.024-5-RG\/385.392.858-78.<br \/>\n04\/Michelle Alessandra de Castro\/44.154.111-2-RG\/373.691.388-52.<br \/>\n05\/Amanda Barbosa Neto\/37.113.550-3-RG\/397.970.138-71.<br \/>\n06\/Fernanda Nascimento Pereira\/ 33.933.687-0-RG\/310.941.469-62.<br \/>\n07\/Flavia Regina Medeiros Leite\/27.122.992-5-RG\/250.504.498-80.<br \/>\n08\/Pedro Henrique Ribeiro\/49.296.267-4-RG\/430.316.888-21.<br \/>\n09\/Natalie Milena da Silva Inocencio\/45.108.251-5-RG\/358.236.178-01.<br \/>\n10\/Gabriel Veneziani dos Santos\/27.266.326-8-RG\/277.232.898-80.<br \/>\n11\/Raquel Oliveira Medrado Pinto\/ MG-14.260.221-RG\/083.788.696-10.<br \/>\n12\/Camila dos Santos Pereira\/37.008.284-9-RG\/419.194.538-65.<br \/>\n13\/Gleice Amancio da Silva\/29.526.919-4-RG\/302.336.998-48.<br \/>\nDATA: 05\/07\/2016.<br \/>\nHOR\u00c1RIO: 13:00 horas.<br \/>\nDURA\u00c7\u00c3O: 3 horas.<\/p>\n<p>PROGRAMA DA PROVA (seguindo o Anexo II do Edital de Abertura de Inscri\u00e7\u00f5es):<\/p>\n<p>ANEXO II \u2013 A QUE SE REFERE O ITEM 4,<br \/>\nDO CAP\u00cdTULO X \u2013 DAS PROVAS, DO EDITALN\u00ba238\/03\/2016<br \/>\nCOMPONENTE CURRICULAR<br \/>\nPLANEJAMENTO ALIMENTAR<br \/>\nPROGRAMAS DAS PROVAS<br \/>\nPlanejamento Alimentar \u2013 Bases Tecnol\u00f3gicas<br \/>\n1. Leis da Alimenta\u00e7\u00e3o segundo Escudero:<br \/>\n\u00b7 conceitos b\u00e1sicos<br \/>\n2. Caloria (kCal\/ kJ):<br \/>\n\u00b7 conceitos b\u00e1sicos<br \/>\n3. C\u00e1lculo de necessidades nutricionais do adulto sadio:<br \/>\n\u00b7 Gasto Energ\u00e9tico Basal (GEB);<br \/>\nNecessidades Energ\u00e9ticas Totais (NET\/ VET\/ EER)<br \/>\n4. Distribui\u00e7\u00e3o do VET (NET\/ EER) nas refei\u00e7\u00f5es di\u00e1rias e adequa\u00e7\u00e3o de macronutrientes<br \/>\n5. Avalia\u00e7\u00e3o qualitativa\/ quantitativa de card\u00e1pio com c\u00e1lculo de NDpCal% (Net Dietary Protein Calory)<br \/>\n6. Regras para elabora\u00e7\u00e3o de card\u00e1pios<br \/>\n7. Elabora\u00e7\u00e3o de card\u00e1pios com distribui\u00e7\u00e3o de macro nutrientes e balanceamento<br \/>\n8. Desenvolvimento humano:<br \/>\n\u00b7 caracter\u00edsticas da idade e fase fisiol\u00f3gica<br \/>\n9. Necessidades nutricionais (micro e macronutrientes) e caracter\u00edsticas da alimenta\u00e7\u00e3o:<br \/>\n\u00b7 gestante (fatores de risco e gesta\u00e7\u00e3o na adolesc\u00eancia);<br \/>\n\u00b7 lactente (alimenta\u00e7\u00e3o complementar, f\u00f3rmulas l\u00e1cteas, desinfec\u00e7\u00e3o de mamadeiras);<br \/>\n\u00b7 nutriz<br \/>\n10. Aleitamento materno:<br \/>\n\u00b7 manejo, vantagens ao aleitamento natural, obst\u00e1culos ao aleitamento, legisla\u00e7\u00e3o, direitos da mulher, medidas de incentivo ao aleitamento<br \/>\n11. Necessidades nutricionais (micro e macronutrientes) segundo os guias alimentares vigentes e c\u00e1lculo de necessidades nutricionais do:<br \/>\n\u00b7 pr\u00e9-escolar;<br \/>\n\u00b7 escolar;<br \/>\n\u00b7 adolescente;<br \/>\n\u00b7 adulto;<br \/>\n\u00b7 terceira idade;<br \/>\n\u00b7 esportista<br \/>\n12. Elabora\u00e7\u00e3o de card\u00e1pios com distribui\u00e7\u00e3o de nutrientes e balanceamento utilizando:<br \/>\n\u00b7 planilhas impressas;<br \/>\n\u00b7 planilhas eletr\u00f4nicas;<br \/>\n\u00b7 softwares espec\u00edficos<br \/>\nLei Federal 12.527, de 18-11-2011(Lei de Acesso a Informa\u00e7\u00e3o) e o Decreto 58.052, de 16-05-2012, que regulamenta a referida Lei no \u00e2mbito do Estado de S\u00e3o Paulo, al\u00e9m dos conhecimentos espec\u00edficos do componente curricular objeto de concurso p\u00fablico.<br \/>\nS\u00e3o Paulo, 20\/06\/2016<\/p>\n<p>&nbsp;<\/p>\n","protected":false},"excerpt":{"rendered":"<p>&nbsp; ETEC IRM\u00c3 AGOSTINA &#8211; S\u00c3O PAULO CONCURSO P\u00daBLICO DE PROFESSOR DE ENSINO M\u00c9DIO E T\u00c9CNICO &#8211; EDITAL N\u00ba 238\/03\/2016 &#8211; PROCESSO N\u00ba 0003923\/2016 AUTORIZA\u00c7\u00c3O GOVERNAMENTAL: DESPACHO PUBLICADO NO DOE DE 26\/05\/2015, SE\u00c7\u00c3O I, P\u00c1GINA 1 \u2013 PROCESSO N\u00ba 5.976\/2014 (SGP-10.908-15) EDITAL DE DEFERIMENTO E INDEFERIMENTO DE INSCRI\u00c7\u00d5ES E CONVOCA\u00c7\u00c3O PARA A PROVA ESCRITA. A&nbsp;&hellip;<\/p>\n","protected":false},"author":1,"featured_media":0,"comment_status":"closed","ping_status":"open","sticky":false,"template":"","format":"standard","meta":[],"categories":[8,2],"tags":[],"_links":{"self":[{"href":"https:\/\/etecia.com.br\/index.php?rest_route=\/wp\/v2\/posts\/1579"}],"collection":[{"href":"https:\/\/etecia.com.br\/index.php?rest_route=\/wp\/v2\/posts"}],"about":[{"href":"https:\/\/etecia.com.br\/index.php?rest_route=\/wp\/v2\/types\/post"}],"author":[{"embeddable":true,"href":"https:\/\/etecia.com.br\/index.php?rest_route=\/wp\/v2\/users\/1"}],"replies":[{"embeddable":true,"href":"https:\/\/etecia.com.br\/index.php?rest_route=%2Fwp%2Fv2%2Fcomments&post=1579"}],"version-history":[{"count":0,"href":"https:\/\/etecia.com.br\/index.php?rest_route=\/wp\/v2\/posts\/1579\/revisions"}],"wp:attachment":[{"href":"https:\/\/etecia.com.br\/index.php?rest_route=%2Fwp%2Fv2%2Fmedia&parent=1579"}],"wp:term":[{"taxonomy":"category","embeddable":true,"href":"https:\/\/etecia.com.br\/index.php?rest_route=%2Fwp%2Fv2%2Fcategories&post=1579"},{"taxonomy":"post_tag","embeddable":true,"href":"https:\/\/etecia.com.br\/index.php?rest_route=%2Fwp%2Fv2%2Ftags&post=1579"}],"curies":[{"name":"wp","href":"https:\/\/api.w.org\/{rel}","templated":true}]}}