{"id":1577,"date":"2016-06-17T17:17:05","date_gmt":"2016-06-17T20:17:05","guid":{"rendered":"http:\/\/etecia.com.br\/portaletecia\/?p=1577"},"modified":"2016-06-17T17:17:05","modified_gmt":"2016-06-17T20:17:05","slug":"aviso-de-deferimento-e-indeferimento-de-inscricoes-e-convocacao-para-aula-teste-2","status":"publish","type":"post","link":"https:\/\/etecia.com.br\/?p=1577","title":{"rendered":"AVISO DE DEFERIMENTO E INDEFERIMENTO DE INSCRI\u00c7\u00d5ES E CONVOCA\u00c7\u00c3O PARA AULA TESTE"},"content":{"rendered":"<p>ETEC Irm\u00e3 Agostina &#8211; S\u00e3o Paulo<\/p>\n<p>PROCESSO SELETIVO DE DOCENTES, NOS TERMOS DO COMUNICADO CEETEPS N\u00b0 1\/2009, E SUAS ALTERA\u00c7\u00d5ES.<\/p>\n<p>AVISO N\u00b0238\/01\/2016 de 10\/05\/2015. Processo n\u00b0 0001899\/2016<\/p>\n<p>AVISO DE DEFERIMENTO E INDEFERIMENTO DE INSCRI\u00c7\u00d5ES E CONVOCA\u00c7\u00c3O PARA AULA TESTE.<\/p>\n<p>O Diretor de Escola T\u00e9cnica da ETEC Irm\u00e3 Agostina faz saber aos candidatos abaixo relacionados o deferimento e indeferimento das inscri\u00e7\u00f5es e convoca para AULA TESTE, a ser realizada na ETEC Irm\u00e3 Agostina, situada na Av Feliciano Correia s\/n\u00ba &#8211; Jardim Sat\u00e9lite \u2013 SP.<\/p>\n<p>Conforme disposto no item 9 do inciso III do Comunicado CEETEPS n\u00b0 1\/2009, publicado no DOE de 31.01.2009, alterado pelo Comunicado CEETEPS n\u00ba 5\/2009, o candidato convocado, entregar\u00e1 uma c\u00f3pia do diploma frente\/ verso, na aus\u00eancia, c\u00f3pia da certid\u00e3o de conclus\u00e3o de curso ou certificado\/declara\u00e7\u00e3o de conclus\u00e3o da forma\u00e7\u00e3o superior registrada na ficha de inscri\u00e7\u00e3o. Os candidatos convocados observar\u00e3o, tamb\u00e9m, as al\u00edneas b e c do subitem 3.2 do inciso IV e o item 7 do inciso V dos Comunicados mencionados anteriormente.<br \/>\nComponente curricular (Curso e\/ou Habilita\u00e7\u00e3o):<br \/>\n1 &#8211; Custos e Opera\u00e7\u00f5es Cont\u00e1beis (Administra\u00e7\u00e3o):<\/p>\n<p>Inscri\u00e7\u00e3o(\u00f5es) Deferida(s)<br \/>\nN\u00b0 de Inscri\u00e7\u00e3o\/ Nome\/ RG\/ Hor\u00e1rio<br \/>\n01\/ Alex Moura Souza da Silva\/ 27.635.456-4\/ 11:30 hrs;<br \/>\n12\/ Angela Vieira Nascimento\/ 26.417.708-3\/ 13:30 hrs;<br \/>\n36\/ Jos\u00e9 Hamilton dos Santos\/ 18.432.111-6\/ 14:00 hrs;<br \/>\n42\/ Ezio Barros Prado\/ 12.409.003-5\/ 14:30 hrs;<br \/>\n52\/ Jurandir Ferreira Santos\/ 20.412.279-X\/ 15:00 hrs;<br \/>\n82\/ Mauricio Alves dos Santos\/ 25.874.313-X\/ 15:30 hrs;<\/p>\n<p>Rela\u00e7\u00e3o dos 03(tr\u00eas) temas para AULA \u2013 TESTE<br \/>\n1- Ponto de equil\u00edbrio;<br \/>\n2- Curva ABC;<br \/>\n3- Classifica\u00e7\u00e3o dos custos &#8211; Diretos e Indiretos, Fixos e Vari\u00e1veis e Absor\u00e7\u00e3o.<\/p>\n<p>Dura\u00e7\u00e3o m\u00e1xima da aula: 20 min.<br \/>\nData 06\/07\/2016.<br \/>\n2 &#8211; Processos Operacionais Cont\u00e1beis (Administra\u00e7\u00e3o):<\/p>\n<p>Inscri\u00e7\u00e3o(\u00f5es) Deferida(s)<br \/>\nN\u00b0 de Inscri\u00e7\u00e3o\/ Nome\/ RG\/ Hor\u00e1rio<br \/>\n13\/ Marcio Campos da Silva\/ 22.099.011-6\/ 16:00 hrs<br \/>\n52\/ Jurandir Ferreira Santos\/ 20.412.279-X\/ 16:30 hrs<br \/>\n63\/ Rodrigo Gon\u00e7alves de Carvalho\/ 29.447.054-2\/ 17:00 hrs<br \/>\n73\/ Cristiane dos Santos Sales\/ 28.329.155-2\/ 17:30 hrs<br \/>\n82\/ Mauricio Alves dos Santos\/ 25.874.313-X0\/ 18:00 hrs<\/p>\n<p>Rela\u00e7\u00e3o dos 03(tr\u00eas) temas para AULA \u2013 TESTE<br \/>\n1 &#8211; Livro raz\u00e3o;<br \/>\n2 &#8211; Apura\u00e7\u00e3o de resultado de exerc\u00edcio;<br \/>\n3 &#8211; Balan\u00e7o Patrimonial.<\/p>\n<p>Dura\u00e7\u00e3o m\u00e1xima da aula: 20 min.<br \/>\nData 06\/07\/2015.<br \/>\n3 &#8211; Gest\u00e3o Financeira de Econ\u00f4mica (Administra\u00e7\u00e3o):<\/p>\n<p>Inscri\u00e7\u00e3o(\u00f5es) Deferida(s)<br \/>\nN\u00ba de Inscri\u00e7\u00e3o\/ Nome\/ RG\/ Hor\u00e1rio<br \/>\n01\/ Alex Moura Souza da Silva\/ 27.635.456-4\/ 18:30 hrs;<br \/>\n13\/ Marcio Campos da Silva\/ 22.099.011-6\/ 19:00 hrs;<br \/>\n21\/ Aurea Maria Brand\u00e3o\/ 7.286.176-9\/ 19:30 hrs;<br \/>\n26\/ Jo\u00e3o do Carmo Ribeiro Neto\/ 43.630.153-2\/ 20:00 hrs;<br \/>\n78\/ Renato Ribeiro Fleury\/ 43.667.001-X\/ 20:30 hrs.<\/p>\n<p>Rela\u00e7\u00e3o dos 03(tr\u00eas) temas para AULA \u2013 TESTE<br \/>\n1 &#8211; Administra\u00e7\u00e3o do capital de Giro pr\u00f3prio e de terceiros;<br \/>\n2 &#8211; T\u00e9cnicas Or\u00e7amentarias;<br \/>\n3 &#8211; Micro Economia &#8211; agentes econ\u00f4micos &#8211; teoria das empresas e teoria do consumidor.<\/p>\n<p>Dura\u00e7\u00e3o m\u00e1xima da aula: 20 min.<br \/>\nData 06\/07\/2016.<br \/>\n4 &#8211; Gest\u00e3o Financeira de Econ\u00f4mica (Administra\u00e7\u00e3o Integrada ao Ensino M\u00e9dio):<\/p>\n<p>Inscri\u00e7\u00e3o(\u00f5es) Deferida(s)<br \/>\nN\u00ba de Inscri\u00e7\u00e3o\/ Nome\/ RG\/ Hor\u00e1rio<br \/>\n42\/ Ezio Barros Prado\/ 12.409.003-5\/ 09:00 hrs;<br \/>\n73\/ Cristiane dos Santos Sales\/ 28.329.155-2\/ 09:30 hrs.<\/p>\n<p>Rela\u00e7\u00e3o dos 03(tr\u00eas) temas para AULA \u2013 TESTE<br \/>\n1 &#8211; A fun\u00e7\u00e3o financeira nas empresas &#8211; Administra\u00e7\u00e3o do capital de giro (pr\u00f3prio e de terceiros);<br \/>\n2 &#8211; T\u00e9cnicas or\u00e7ament\u00e1rias &#8211; Processos e f\u00f3rmulas matem\u00e1ticas para estruturar c\u00e1lculos or\u00e7ament\u00e1rios;<br \/>\n3 &#8211; Introdu\u00e7\u00e3o \u00e0 Teoria Econ\u00f4mica \u2013 Microeconomia.<\/p>\n<p>Dura\u00e7\u00e3o m\u00e1xima da aula: 20 min.<br \/>\nData 06\/07\/2015.<\/p>\n<p>5 &#8211; Processos Operacionais Cont\u00e1beis I (Administra\u00e7\u00e3o Integrada ao Ensino M\u00e9dio):<\/p>\n<p>Inscri\u00e7\u00e3o(\u00f5es) Deferida(s)<br \/>\nN\u00ba de Inscri\u00e7\u00e3o\/ Nome\/ RG\/ Hor\u00e1rio<br \/>\n42\/ Ezio Barros Prado\/ 12.409.003-5\/ 10:00 hrs;<br \/>\n63\/ Rodrigo Gon\u00e7alves de Carvalho\/ 29.447.054-2\/ 10:30 hrs;<br \/>\n78\/ Renato Ribeiro Fleury\/ 43.667.001-X\/ 11:00 hrs.<\/p>\n<p>Rela\u00e7\u00e3o dos 03(tr\u00eas) temas para AULA \u2013 TESTE<br \/>\n1 &#8211; No\u00e7\u00f5es de Contabilidade &#8211; Atos e fatos;<br \/>\n2 &#8211; An\u00e1lise dos demonstrativos cont\u00e1beis &#8211; Contabilidade e as estrat\u00e9gias empresariais;<br \/>\n3 &#8211; Ponto de equil\u00edbrio &#8211; Elementos formadores do custo de um produto ou servi\u00e7o.<\/p>\n<p>Dura\u00e7\u00e3o m\u00e1xima da aula: 20 min.<br \/>\nData 06\/07\/2015.<br \/>\n7 &#8211; Qu\u00edmica (Base Nacional Comum\/ETIM):<\/p>\n<p>Inscri\u00e7\u00e3o(\u00f5es) Deferida(s)<br \/>\nN\u00ba de Inscri\u00e7\u00e3o\/ Nome\/ RG\/ Hor\u00e1rio<br \/>\n19\/ Lilian Patricia Lima\/ 30.495.865-7\/ 09:00 hrs;<br \/>\n20\/ Rogerio de Rezende\/ 16.345.219-2\/ 09:30 hrs;<br \/>\n43\/ Antonio Rodrigues Machado\/ 11.723.056-X\/ 10:00 hrs;<br \/>\n47\/ Cristiano Hansen\/ 8.367.561-9\/ 10:30 hrs;<br \/>\n51\/ Antonio Jose Rolim\/ 5.866.212-1\/ 11:00 hrs;<br \/>\n80\/ Luciano Rodrigues de Jesus\/ 47.436.714-9 11:30 hrs.<\/p>\n<p>Rela\u00e7\u00e3o dos 03(tr\u00eas) temas para AULA \u2013 TESTE<br \/>\n1 &#8211; Propriedades das subst\u00e2ncias e liga\u00e7\u00f5es qu\u00edmicas: diferen\u00e7as entre metais, \u00e1gua e sais;<br \/>\n2 &#8211; Qu\u00edmica da atmosfera;<br \/>\n3 &#8211; Primeiros modelos de constru\u00e7\u00e3o da mat\u00e9ria.<\/p>\n<p>Dura\u00e7\u00e3o m\u00e1xima da aula: 20 min.<br \/>\nData 06\/07\/2016.<br \/>\n8 &#8211; F\u00edsica (Base Nacional Comum\/ETIM):<\/p>\n<p>Inscri\u00e7\u00e3o(\u00f5es) Deferida(s)<br \/>\nN\u00ba de Inscri\u00e7\u00e3o\/ Nome\/ RG\/ Hor\u00e1rio<br \/>\n04\/ Eduardo Adlung Laudelino\/ 14.368.148-5\/ 09:00 hrs;<br \/>\n09\/ Elisa Megumi Mizikami Eitler\/ 7.350.954-1\/ 09:30 hrs;<br \/>\n22\/ Andre Lima Gomes\/ 33.119.966-X\/ 10:00 hrs;<br \/>\n30\/ Jose Aurelio de Sena\/ 9.963.161-1\/ 10:30 hrs;<br \/>\n44\/ Ana Carolina Oliveira de Souza\/ 37.487.571-6\/ 11:00 hrs;<br \/>\n51\/ Antonio Jose Rolim\/ 5.866.212-1\/ 11:30 hrs;<br \/>\n64\/ Adailton Pereira Baleeiro\/ 38.042.819-2\/ 12:00 hrs;<br \/>\n70\/ David Alex Sandro da Silva Pedreira\/ 40.266.343-3\/ 12:30 hrs.<\/p>\n<p>Rela\u00e7\u00e3o dos 03(tr\u00eas) temas para AULA \u2013 TESTE<br \/>\n1 &#8211; Movimentos: varia\u00e7\u00f5es e conserva\u00e7\u00f5es de quantidade de movimento;<br \/>\n2 &#8211; Som, imagem, luz e informa\u00e7\u00e3o;<br \/>\n3 &#8211; Equipamentos el\u00e9tricos e telecomunica\u00e7\u00f5es.<\/p>\n<p>Dura\u00e7\u00e3o m\u00e1xima da aula: 20 min.<br \/>\nData 06\/07\/2016.<br \/>\n9 &#8211; Matem\u00e1tica (Base Nacional Comum\/ETIM):<\/p>\n<p>Inscri\u00e7\u00e3o(\u00f5es) Deferida(s)<br \/>\nN\u00ba de Inscri\u00e7\u00e3o\/ Nome\/ RG\/ Hor\u00e1rio<br \/>\n04\/ Eduardo Adlung Laudelino\/ 14.368.148-5\/ 09:00 hrs;<br \/>\n10\/ Aparecida de Souza Bergo Davanso\/ 7.864.374-0\/ 09:30 hrs;<br \/>\n23\/ Geisa Gabrielli Romao de Lima da Silva\/ 43.457.526-4\/ 10:00 hrs<br \/>\n38\/ Katiane Santana de Freitas\/ 32.082.807-4\/ 10:30 hrs;<br \/>\n41\/ Edilson Martinez de Andrade\/ 21.901.215-5\/ 11:00 hrs;<br \/>\n53\/ Fabio Santos de Oliveira\/ 23.459.881-5\/ 11:30 hrs;<br \/>\n59\/ Marcia Cristina Martins de Andrade\/ 21.397.727-8\/ 13:30 hrs;<br \/>\n61\/ Patr\u00edcia Ferreira de Souza\/ 34.491.161-5\/ 14:00 hrs;<br \/>\n70\/ David Alex Sandro da Silva Pedreira\/ 40.266.343-3\/ 14:30 hrs.<\/p>\n<p>Rela\u00e7\u00e3o dos 03(tr\u00eas) temas para AULA \u2013 TESTE<br \/>\n1 &#8211; Introdu\u00e7\u00e3o \u00e0 estat\u00edstica;<br \/>\n2 &#8211; Geometria espacial;<br \/>\n3 &#8211; An\u00e1lise combinat\u00f3ria.<\/p>\n<p>Dura\u00e7\u00e3o m\u00e1xima da aula: 20 min.<br \/>\nData 07\/07\/2016.<br \/>\n10 &#8211; Hist\u00f3ria (Base Nacional Comum\/ETIM):<\/p>\n<p>Inscri\u00e7\u00e3o(\u00f5es) Deferida(s)<br \/>\nN\u00ba de Inscri\u00e7\u00e3o\/ Nome\/ RG\/ Hor\u00e1rio<br \/>\n03\/ Maicon Sim\u00f5es da Silva\/ 46.649.316-2\/ 09:00 hrs;<br \/>\n07\/ Rodrigo Menezes da Silva\/ 33.814.433-X\/ 09:30 hrs;<br \/>\n27\/ Raphael Leon de Vasconcelos\/ 30.940.628-5\/ 10:00 hrs;<br \/>\n29\/ Alcilene Jorge Lopes\/ 47.065.126-X\/ 10:30 hs;<br \/>\n34\/ Vera Lucia Aquilino Pereira da Silva\/ 24.259.330-6\/ 11:00 hrs<br \/>\n37\/ Raysa Aparecida Feitoza Mastelini\/ 47.491.274-7\/ 11:30 hrs<br \/>\n48\/ Sheila Virginia Rocha de Oliveira Castro\/ 40.634.603-3\/ 13:30 hrs<br \/>\n54\/ Sandra Maret Scovenna\/ 23.892.790-8\/ 14:00 hrs;<br \/>\n55\/ Marcos Sancore Senra\/ 22.865.896-2\/ 14:30 hrs;<br \/>\n56\/ Leonardo Mendes Alves\/ 25.616.890-7\/ 15:00 hrs;<br \/>\n72\/ Ricardo Gon\u00e7alves\/ 27.348.581-7\/ 15:30 hrs.<\/p>\n<p>Rela\u00e7\u00e3o dos 03(tr\u00eas) temas para AULA \u2013 TESTE<br \/>\n1 &#8211; As transforma\u00e7\u00f5es pelas quais passou o trabalho compuls\u00f3rio da Antiguidade \u00e0 contemporaneidade;<br \/>\n2 &#8211; Caracter\u00edsticas da sociedade global;<br \/>\n3 &#8211; Ditaduras: Vargas e Militar.<\/p>\n<p>Dura\u00e7\u00e3o m\u00e1xima da aula: 20 min.<br \/>\nData 11\/07\/2016.<br \/>\n11 &#8211; L\u00edngua Portuguesa, Literatura e Comunica\u00e7\u00e3o Profissional (Base Nacional Comum\/ETIM):<\/p>\n<p>Inscri\u00e7\u00e3o(\u00f5es) Deferida(s)<br \/>\nN\u00ba de Inscri\u00e7\u00e3o\/ Nome\/ RG\/ Hor\u00e1rio<br \/>\n05\/ Dalma de Nasar\u00e9 Coelho Paiva\/ 24.837.998-7\/ 09:00 hrs;<br \/>\n11\/ Carla Ferreira da Silva\/ 33.369.279-2\/ 09:30 hrs;<br \/>\n14\/ Camila Alderete Capitani\/ 40.856.318-7\/ 10:00 hrs;<br \/>\n18\/ Mariangela Hantschick Siniscalchi\/ 16.485.696-1\/ 10:30 hrs;<br \/>\n25\/ Crisderlaine Mendes Lopes da Silva\/ 41.039.170-0\/ 11:00 hrs;<br \/>\n28\/ Elaine Queiroz Bessa\/ 27.018.480-6\/ 11:30 hrs;<br \/>\n31\/ Lucimara Pereira dos Santos\/ 22.094.369-2\/ 13:30 hrs;<br \/>\n50\/ Alessandra da Silva Carneiro\/ 44.319.750-7\/ 14:00 hrs;<br \/>\n66\/ Roberto Dutra Nogueira\/ MG-11.456.533\/ 14:30 hrs;<br \/>\n68\/ Vanessa Santos Caroso\/ 43.670.729-9\/ 15:00 hrs;<br \/>\n71\/ Joice Nascimento dos Santos\/ 34.522.794-3\/ 15:30 hrs;<br \/>\n74\/ Fabiana Pastore\/ 28.796.187-4\/ 16:00 hrs;<br \/>\n76\/ Aleson Souza Oliveira\/ 43.774.639-2\/ 16:30 hrs;<br \/>\n81\/ Naiara Alves do Nascimento\/ 49.236.431-X\/ 17:00 hrs.<\/p>\n<p>Rela\u00e7\u00e3o dos 03(tr\u00eas) temas para AULA \u2013 TESTE<br \/>\n1 &#8211; Texto como representa\u00e7\u00e3o do imagin\u00e1rio e a constru\u00e7\u00e3o do patrim\u00f4nio cultural &#8211; Fase contempor\u00e2nea;<br \/>\n2 &#8211; Ensino de gram\u00e1tica: algumas reflex\u00f5es &#8211; Reg\u00eancia verbal. Reg\u00eancia nominal;<br \/>\n3 &#8211; Di\u00e1logo entre textos \u2013 um exerc\u00edcio de leitura \u2013 Sem\u00e2ntica.<br \/>\nDura\u00e7\u00e3o m\u00e1xima da aula: 20 min.<br \/>\nData 07\/07\/2016.<br \/>\n12 &#8211; Geografia (Base Nacional Comum\/ETIM):<\/p>\n<p>Inscri\u00e7\u00e3o(\u00f5es) Deferida(s)<br \/>\nN\u00ba de Inscri\u00e7\u00e3o\/ Nome\/ RG\/ Hor\u00e1rio<br \/>\n02\/ Willian Rodrigues dos Santos\/ 48.083.720-X\/ 09:00 hrs;<br \/>\n08\/ Isaac Rodrigues dos Santos\/ 26.274.907-5\/ 09:30 hrs;<br \/>\n15\/ Pedro Rangel Filardo\/ 34.095.557-0\/ 10:00 hs;<br \/>\n16\/ Eduardo Serafim\/ 33.836.002-5\/ 10:30 hrs;<br \/>\n17\/ Carlos Hevandro Schultz Cunha\/ 45.258.755-4\/ 11:00 hrs;<br \/>\n33\/ Denise Gon\u00e7alves Pinheiro\/ 30.965.566-3\/ 11:30 hrs;<br \/>\n40\/ Denis de Paula Carvalho Martins\/ 33.546.211-X\/ 13:30 hrs;<br \/>\n46\/ Kezia de Souza Oliveira Silva\/ 48.401.181-9\/ 14:00 hrs;<br \/>\n62\/ Luciano da Costa Eguchi\/ 24.353.462-0\/ 14:30 hrs.<\/p>\n<p>Rela\u00e7\u00e3o dos 03(tr\u00eas) temas para AULA \u2013 TESTE<br \/>\n1 &#8211; A natureza, a t\u00e9cnica e o homem &#8211; A rela\u00e7\u00e3o do homem dentro da biodiversidade e da homodiversidade;<br \/>\n2 &#8211; Constru\u00e7\u00e3o espacial das sociedades pelo homem \u2013 As formas de sociedade e espa\u00e7o no mundo do capitalismo e do socialismo;<br \/>\n3 &#8211; O homem cria seu espa\u00e7o &#8211; A contradi\u00e7\u00e3o: humaniza\u00e7\u00e3o-desumaniza\u00e7\u00e3o.<\/p>\n<p>Dura\u00e7\u00e3o m\u00e1xima da aula: 20 min.<br \/>\nData 06\/07\/2016.<br \/>\n13 &#8211; Sociologia (Base Nacional Comum\/ETIM):<\/p>\n<p>Inscri\u00e7\u00e3o(\u00f5es) Deferida(s)<br \/>\nN\u00ba de Inscri\u00e7\u00e3o\/ Nome\/ RG\/ Hor\u00e1rio<br \/>\n03\/ Maicon Sim\u00f5es da Silva\/ 46.649.316-2\/ 16:00 hrs;<br \/>\n32\/ Bruno Lima da Silva\/ 47.499.884-8\/ 16:30 hrs;<br \/>\n35\/ Bruno Christian Alves de Souza\/ 34.149.568-2\/ 17:00 hrs;<br \/>\n45\/ Marcio Caetano Pereira\/ 26.688.793-4\/ 17:30 hrs;<br \/>\n67\/ Kathleen Ferreira \u00c2ngulo\/ 33.268.255-9\/ 18:00 hrs;<br \/>\n69\/ Wagner Borges de Almeida Lins\/ 2502799-PA\/ 18:30 hrs;<br \/>\n77\/ Andre Luiz Ferreira Farias\/ 30.705.662-4\/ 19:00 hrs.<\/p>\n<p>Rela\u00e7\u00e3o dos 03(tr\u00eas) temas para AULA \u2013 TESTE<br \/>\n1 &#8211; As Institui\u00e7\u00f5es Sociais, a Organiza\u00e7\u00e3o da Sociedade e a Forma\u00e7\u00e3o da Identidade Individual;<br \/>\n2 &#8211; O Trabalho como Fundamento da Constru\u00e7\u00e3o da Sociedade;<br \/>\n3 &#8211; Ideologia e Representa\u00e7\u00f5es Mentais: Preconceito, Segrega\u00e7\u00e3o e Movimentos para Mudan\u00e7as Sociais.<\/p>\n<p>Dura\u00e7\u00e3o m\u00e1xima da aula: 20 min.<br \/>\nData 11\/07\/2016.<br \/>\n14 &#8211; L\u00edngua Estrangeira Moderna &#8211; Ingl\u00eas (Base Nacional Comum\/ETIM):<\/p>\n<p>Inscri\u00e7\u00e3o(\u00f5es) Deferida(s)<br \/>\nN\u00ba de Inscri\u00e7\u00e3o\/ Nome\/ RG\/ Hor\u00e1rio<br \/>\n05\/ Dalma de Nasar\u00e9 Coelho Paiva\/ 24.837.998-7\/ 14:00 hrs;<br \/>\n18\/ Mariangela Hantschick Siniscalchi\/ 16.485.696-1\/ 14:30 hrs;<br \/>\n28\/ Elaine Queiroz Bessa\/ 27.018.480-6\/ 15:00 hrs;<br \/>\n31\/ Lucimara Pereira dos Santos\/ 22.094.369-2\/ 15:30 hrs;<br \/>\n60\/ Damile Cristina Expedito\/ 42.142.911-2\/ 16:00 hrs;<br \/>\n81\/ Naiara Alves do Nascimento\/ 49.236.431-X\/ 16:30 hrs.<\/p>\n<p>Rela\u00e7\u00e3o dos 03(tr\u00eas) temas para AULA \u2013 TESTE<br \/>\n1 &#8211; Condicional \u2013 Condicional Perfeito.<br \/>\n2 &#8211; Leitura r\u00e1pida (skimming), leitura com objetivo (scanning), leitura seletiva (prediction).<br \/>\n3 &#8211; Discurso direto \u2013 Discurso indireto.<\/p>\n<p>Dura\u00e7\u00e3o m\u00e1xima da aula: 20 min.<br \/>\nData 07\/07\/2016.<br \/>\n15 &#8211; T\u00e9cnicas de Orienta\u00e7\u00e3o a Objetos (Inform\u00e1tica):<\/p>\n<p>Inscri\u00e7\u00e3o(\u00f5es) Deferida(s)<br \/>\nN\u00ba de Inscri\u00e7\u00e3o\/ Nome\/ RG\/ Hor\u00e1rio<br \/>\n39\/ Robson Eleuterio Nishizawa\/ 30.316.118-8\/ 15:30 hrs;<br \/>\n65\/ Diego Dias Rocha\/ 47.297.075-6\/ 16:00 hrs;<br \/>\n79\/ Leandro Maciel Sousa Santos\/ 48.142.590-1\/ 16:30 hrs.<\/p>\n<p>Rela\u00e7\u00e3o dos 03(tr\u00eas) temas para AULA \u2013 TESTE<br \/>\n1 &#8211; Classes e Objetos;<br \/>\n2 &#8211; Heran\u00e7a;<br \/>\n3 &#8211; Encapsulamento.<\/p>\n<p>Dura\u00e7\u00e3o m\u00e1xima da aula: 20 min.<br \/>\nData 07\/07\/2016.<br \/>\n16 &#8211; Seguran\u00e7a Digital (Inform\u00e1tica):<\/p>\n<p>Inscri\u00e7\u00e3o(\u00f5es) Deferida(s)<br \/>\nN\u00ba de Inscri\u00e7\u00e3o\/ Nome\/ RG\/ Hor\u00e1rio<br \/>\n39\/ Robson Eleuterio Nishizawa\/ 30.316.118-8\/ 17:00 hrs;<br \/>\n65\/ Diego Dias Rocha\/ 47.297.075-6\/ 17:30 hrs;<br \/>\n79\/ Leandro Maciel Sousa Santos\/ 48.142.590-1\/ 18:00 hrs;<\/p>\n<p>Rela\u00e7\u00e3o dos 03(tr\u00eas) temas para AULA \u2013 TESTE<br \/>\n1 &#8211; Cartilha de Seguran\u00e7a para Internet;<br \/>\n2 &#8211; Pol\u00edticas de Seguran\u00e7a;<br \/>\n3 &#8211; T\u00e9cnicas para identificar vulnerabilidades.<\/p>\n<p>Dura\u00e7\u00e3o m\u00e1xima da aula: 20 min.<br \/>\nData 07\/07\/2016.<br \/>\n17 &#8211; T\u00e9cnicas de Programa\u00e7\u00e3o para Internet II (Inform\u00e1tica):<\/p>\n<p>Inscri\u00e7\u00e3o(\u00f5es) Deferida(s)<br \/>\nN\u00ba de Inscri\u00e7\u00e3o\/ Nome\/ RG\/ Hor\u00e1rio<br \/>\n39\/ Robson Eleuterio Nishizawa\/ 30.316.118-8\/ 18:30 hrs;<br \/>\n65\/ Diego Dias Rocha\/ 47.297.075-6\/ 19:00 hrs;<br \/>\n79\/ Leandro Maciel Sousa Santos\/ 48.142.590-1\/ 19:30 hrs.<\/p>\n<p>Rela\u00e7\u00e3o dos 03(tr\u00eas) temas para AULA \u2013 TESTE<br \/>\n1 &#8211; Estruturas de Repeti\u00e7\u00e3o em PHP;<br \/>\n2 &#8211; M\u00e9todos GET e POST;<br \/>\n3 &#8211; Acesso \u00e0 banco de dados com PHP.<\/p>\n<p>Dura\u00e7\u00e3o m\u00e1xima da aula: 20 min.<br \/>\nData 07\/07\/2016.<br \/>\n18 &#8211; Estrutura e Rotinas em Servi\u00e7os de Alimenta\u00e7\u00e3o (Nutri\u00e7\u00e3o e Diet\u00e9tica):<\/p>\n<p>Inscri\u00e7\u00e3o(\u00f5es) Deferida(s)<br \/>\nN\u00ba de Inscri\u00e7\u00e3o\/ Nome\/ RG\/ Hor\u00e1rio<br \/>\n58\/ Bartira Mendes Gorgulho\/ 43.709.780-8\/ 10:30 hrs.<\/p>\n<p>Rela\u00e7\u00e3o dos 03(tr\u00eas) temas para AULA \u2013 TESTE<br \/>\n1 &#8211; Caracter\u00edsticas especificas do servi\u00e7o de alimenta\u00e7\u00e3o: merenda escolar;<br \/>\n2 &#8211; Dimensionamento b\u00e1sico de equipamentos para UAN: caracter\u00edsitica e finalidade;<br \/>\n3 &#8211; Planejamento de card\u00e1pios.<\/p>\n<p>Dura\u00e7\u00e3o m\u00e1xima da aula: 20 min.<br \/>\nData 06\/07\/2016.<br \/>\n19 &#8211; Higiene dos Alimentos (Nutri\u00e7\u00e3o e Diet\u00e9tica):<\/p>\n<p>Inscri\u00e7\u00e3o(\u00f5es) Deferida(s)<br \/>\nN\u00ba de Inscri\u00e7\u00e3o\/ Nome\/ RG\/ Hor\u00e1rio<br \/>\n06\/ Carlos Enrique de Campos\/ 19.467.649-3\/ 11:00 hrs;<br \/>\n75\/ Lyvia Barbosa Pimentel\/ 49.278.669-0\/ 11:30 hrs.<\/p>\n<p>Rela\u00e7\u00e3o dos 03(tr\u00eas) temas para AULA \u2013 TESTE<br \/>\n1 &#8211; Microbiologia aplicada \u00e0 alimenta\u00e7\u00e3o e nutri\u00e7\u00e3o: tipos de micro organismos, fontes alimentares de contamina\u00e7\u00e3o e micro organismos patog\u00eanicos;<br \/>\n2 &#8211; Doen\u00e7as transmitidas por alimentos: infec\u00e7\u00e3o, toxinose e intoxica\u00e7\u00e3o;<br \/>\n3 &#8211; T\u00e9cnicas para higiene de ambientes, equipamentos e utens\u00edlios.<\/p>\n<p>Dura\u00e7\u00e3o m\u00e1xima da aula: 20 min.<br \/>\nData 06\/07\/2016.<br \/>\n20 &#8211; Educa\u00e7\u00e3o Nutricional em Sa\u00fade P\u00fablica (Nutri\u00e7\u00e3o e Diet\u00e9tica):<\/p>\n<p>Inscri\u00e7\u00e3o(\u00f5es) Deferida(s)<br \/>\nN\u00ba de Inscri\u00e7\u00e3o\/ Nome\/ RG\/ Hor\u00e1rio<br \/>\n57\/ Michele Alessandra de Castro\/ 44.154.111-2\/ 13:00 hrs.<\/p>\n<p>Rela\u00e7\u00e3o dos 03(tr\u00eas) temas para AULA \u2013 TESTE<br \/>\n1 &#8211; Principais car\u00eancias nutricionais e dist\u00farbios de peso: desnutri\u00e7\u00e3o;<br \/>\n2 &#8211; Pesquisa de Or\u00e7amentos Familiares \u2013 POF;<br \/>\n3 &#8211; Avalia\u00e7\u00e3o da composi\u00e7\u00e3o Corporal.<\/p>\n<p>Dura\u00e7\u00e3o m\u00e1xima da aula: 20 min.<br \/>\nData 06\/07\/2016.<br \/>\n21 &#8211; Planejamento Alimentar (Nutri\u00e7\u00e3o e Diet\u00e9tica):<\/p>\n<p>Inscri\u00e7\u00e3o(\u00f5es) Deferida(s)<br \/>\nN\u00ba de Inscri\u00e7\u00e3o\/ Nome\/ RG\/ Hor\u00e1rio<br \/>\n24\/ Ana Carolina Bonel\u00e1 dos Santos\/ 3.052.223 &#8211; ES\/ 13:30 hrs;<br \/>\n57\/ Michele Alessandra de Castro\/ 44.154.111-2\/ 14:00 hrs;<br \/>\n75\/ Lyvia Barbosa Pimentel\/ 49.278.669-0\/ 14:30 hrs.<\/p>\n<p>Rela\u00e7\u00e3o dos 03(tr\u00eas) temas para AULA \u2013 TESTE<br \/>\n1 &#8211; Desenvolvimento Humano: fase fisiol\u00f3gica, caracter\u00edsticas e necessidades nutricionais do escolar;<br \/>\n2 &#8211; Aleitamento materno: vantagens do aleitamento;<br \/>\n3 &#8211; C\u00e1lculo das necessidades nutricionais do adulto sadio: Gasto Energ\u00e9tico Basal e Necessidades Energ\u00e9ticas Totais.<\/p>\n<p>Dura\u00e7\u00e3o m\u00e1xima da aula: 20 min.<br \/>\nData 06\/07\/2016.<br \/>\n22 &#8211; Administra\u00e7\u00e3o e Seguran\u00e7a em Servi\u00e7os de Alimenta\u00e7\u00e3o (Nutri\u00e7\u00e3o e Diet\u00e9tica):<\/p>\n<p>Inscri\u00e7\u00e3o(\u00f5es) Deferida(s)<br \/>\nN\u00ba de Inscri\u00e7\u00e3o\/ Nome\/ RG\/ Hor\u00e1rio<br \/>\n75\/ Lyvia Barbosa Pimentel\/ 49.278.669-0\/ 15:00 hrs.<\/p>\n<p>Rela\u00e7\u00e3o dos 03(tr\u00eas) temas para AULA \u2013 TESTE<br \/>\n1 &#8211; UAN (defini\u00e7\u00e3o, objetivos e finalidades);<br \/>\n2 &#8211; Fun\u00e7\u00f5es da Administra\u00e7\u00e3o: planejar, organizar;<br \/>\n3 &#8211; Causas dos acidentes de trabalho em UAN.<\/p>\n<p>Dura\u00e7\u00e3o m\u00e1xima da aula: 20 min.<br \/>\nData 06\/07\/2016.<br \/>\n23 &#8211; Diagn\u00f3stico da Alimenta\u00e7\u00e3o Humana (Nutri\u00e7\u00e3o e Diet\u00e9tica):<\/p>\n<p>Inscri\u00e7\u00e3o(\u00f5es) Deferida(s)<br \/>\nN\u00ba de Inscri\u00e7\u00e3o\/ Nome\/ RG\/ Hor\u00e1rio<br \/>\n24\/ Ana Carolina Bonel\u00e1 dos Santos\/ 3.052.223 \u2013 ES\/ 15:30 hrs.<\/p>\n<p>Rela\u00e7\u00e3o dos 03(tr\u00eas) temas para AULA \u2013 TESTE<br \/>\n1 &#8211; Digest\u00e3o das prote\u00ednas: anatomia e fisiologia do sistema digest\u00f3rio;<br \/>\n2 &#8211; Guia alimentar brasileiro: conceito;<br \/>\n3 &#8211; Alimentos Probi\u00f3ticos: conceito.<\/p>\n<p>Dura\u00e7\u00e3o m\u00e1xima da aula: 20 min.<br \/>\nData 06\/07\/2016.<br \/>\n27 &#8211; Educa\u00e7\u00e3o Nutricional em Sa\u00fade P\u00fablica (Nutri\u00e7\u00e3o e Diet\u00e9tica Integrada ao Ensino M\u00e9dio):<\/p>\n<p>Inscri\u00e7\u00e3o(\u00f5es) Deferida(s)<br \/>\nN\u00ba de Inscri\u00e7\u00e3o\/ Nome\/ RG\/ Hor\u00e1rio<br \/>\n49\/ Rosemary Zillio Chile\/ 15.530.986-9\/ 09:00 hrs.<\/p>\n<p>Rela\u00e7\u00e3o dos 03(tr\u00eas) temas para AULA \u2013 TESTE<br \/>\n1 &#8211; Pesquisa de programas governamentais nas esferas federais, estaduais e municipais;<br \/>\n2 &#8211; C\u00e1lculo do \u00cdndice de Massa Corporal e tabelas de classifica\u00e7\u00e3o segundo faixa et\u00e1ria e estado fisiol\u00f3gico;<br \/>\n3 &#8211; Consumo dom\u00e9stico de alimentos e combate ao desperd\u00edcio.<\/p>\n<p>Dura\u00e7\u00e3o m\u00e1xima da aula: 20 min.<br \/>\nData 06\/07\/2016.<br \/>\n28 &#8211; Planejamento Alimentar (Nutri\u00e7\u00e3o e Diet\u00e9tica Integrada ao Ensino M\u00e9dio):<\/p>\n<p>Inscri\u00e7\u00e3o(\u00f5es) Deferida(s)<br \/>\nN\u00ba de Inscri\u00e7\u00e3o\/ Nome\/ RG\/ Hor\u00e1rio<br \/>\n58\/ Bartira Mendes Gorgulho\/ 43.709.780-8\/ 09:30 hrs.<\/p>\n<p>Rela\u00e7\u00e3o dos 03(tr\u00eas) temas para AULA \u2013 TESTE<br \/>\n1 &#8211; C\u00e1lculo de necessidades nutricionais do adulto sadio;<br \/>\n2 &#8211; Desenvolvimento humano;<br \/>\n3 &#8211; Aleitamento Materno.<\/p>\n<p>Dura\u00e7\u00e3o m\u00e1xima da aula: 20 min.<br \/>\nData 06\/07\/2016.<br \/>\n29 &#8211; Administra\u00e7\u00e3o e Seguran\u00e7a em Servi\u00e7os de Alimenta\u00e7\u00e3o (Nutri\u00e7\u00e3o e Diet\u00e9tica Integrada ao Ensino M\u00e9dio):<\/p>\n<p>Inscri\u00e7\u00e3o(\u00f5es) Deferida(s)<br \/>\nN\u00ba de Inscri\u00e7\u00e3o\/ Nome\/ RG\/ Hor\u00e1rio<br \/>\n49\/ Rosemary Zillio Chile\/ 15.530.986-9\/ 10:00 hrs.<\/p>\n<p>Rela\u00e7\u00e3o dos 03(tr\u00eas) temas para AULA \u2013 TESTE<br \/>\n1 &#8211; Evolu\u00e7\u00e3o dos sistemas de administra\u00e7\u00e3o;<br \/>\n2 &#8211; Instrumentos Administrativos usados na UAN;<br \/>\n3 &#8211; Formas de preven\u00e7\u00e3o de acidentes do trabalho.<\/p>\n<p>Dura\u00e7\u00e3o m\u00e1xima da aula: 20 min.<br \/>\nData 06\/07\/2016.<\/p>\n<p>&nbsp;<\/p>\n","protected":false},"excerpt":{"rendered":"<p>ETEC Irm\u00e3 Agostina &#8211; S\u00e3o Paulo PROCESSO SELETIVO DE DOCENTES, NOS TERMOS DO COMUNICADO CEETEPS N\u00b0 1\/2009, E SUAS ALTERA\u00c7\u00d5ES. AVISO N\u00b0238\/01\/2016 de 10\/05\/2015. Processo n\u00b0 0001899\/2016 AVISO DE DEFERIMENTO E INDEFERIMENTO DE INSCRI\u00c7\u00d5ES E CONVOCA\u00c7\u00c3O PARA AULA TESTE. O Diretor de Escola T\u00e9cnica da ETEC Irm\u00e3 Agostina faz saber aos candidatos abaixo relacionados o&nbsp;&hellip;<\/p>\n","protected":false},"author":1,"featured_media":0,"comment_status":"closed","ping_status":"open","sticky":false,"template":"","format":"standard","meta":[],"categories":[8,2],"tags":[],"_links":{"self":[{"href":"https:\/\/etecia.com.br\/index.php?rest_route=\/wp\/v2\/posts\/1577"}],"collection":[{"href":"https:\/\/etecia.com.br\/index.php?rest_route=\/wp\/v2\/posts"}],"about":[{"href":"https:\/\/etecia.com.br\/index.php?rest_route=\/wp\/v2\/types\/post"}],"author":[{"embeddable":true,"href":"https:\/\/etecia.com.br\/index.php?rest_route=\/wp\/v2\/users\/1"}],"replies":[{"embeddable":true,"href":"https:\/\/etecia.com.br\/index.php?rest_route=%2Fwp%2Fv2%2Fcomments&post=1577"}],"version-history":[{"count":0,"href":"https:\/\/etecia.com.br\/index.php?rest_route=\/wp\/v2\/posts\/1577\/revisions"}],"wp:attachment":[{"href":"https:\/\/etecia.com.br\/index.php?rest_route=%2Fwp%2Fv2%2Fmedia&parent=1577"}],"wp:term":[{"taxonomy":"category","embeddable":true,"href":"https:\/\/etecia.com.br\/index.php?rest_route=%2Fwp%2Fv2%2Fcategories&post=1577"},{"taxonomy":"post_tag","embeddable":true,"href":"https:\/\/etecia.com.br\/index.php?rest_route=%2Fwp%2Fv2%2Ftags&post=1577"}],"curies":[{"name":"wp","href":"https:\/\/api.w.org\/{rel}","templated":true}]}}