{"id":1477,"date":"2016-06-09T17:23:42","date_gmt":"2016-06-09T20:23:42","guid":{"rendered":"http:\/\/etecia.com.br\/portaletecia\/?p=1477"},"modified":"2016-06-09T17:23:42","modified_gmt":"2016-06-09T20:23:42","slug":"valorizacao-da-disciplina-de-microbiologia-no-curso-tecnico-em-quimica","status":"publish","type":"post","link":"https:\/\/etecia.com.br\/?p=1477","title":{"rendered":"Valoriza\u00e7\u00e3o da disciplina de Microbiologia no curso T\u00e9cnico em Qu\u00edmica"},"content":{"rendered":"<p>As Bases Tecnol\u00f3gicas do Centro Paula Souza na disciplina de MICROBIOLOGIA do Curso t\u00e9cnico em Qu\u00edmica possibilita que o aluno adquira ferramentas para que ele possa entender e utilizar o mundo dos micro-organismos n\u00e3o somente pelo \u00a0ponto de vista da contamina\u00e7\u00e3o de produtos mas tamb\u00e9m, corros\u00e3o, manipula\u00e7\u00e3o de alimentos e intera\u00e7\u00e3o ambiental. \u00a0O primeiro passo \u00e9 situar os micro-organismos no mundo dos seres vivos, apresentando sua classifica\u00e7\u00e3o. Em seguida, coletar amostras no entorno da escola e seme\u00e1-las em meio de cultura. Por \u00faltimo, atrav\u00e9s do microsc\u00f3pio, os alunos entram em contato com os pequenos seres que por observa\u00e7\u00e3o \u201cin vivo\u201d juntamente com t\u00e9cnicas de colora\u00e7\u00e3o diferenciam as bact\u00e9rias, bolores e leveduras (PELCZAR et al., 1996).<\/p>\n<p>Atividade realizada no 1\u00ba semestre de 2016 pela Prof\u00aa Jaquelini Ribeiro Dias<\/p>\n<p>( professora titular em Microbiologia \u2013\u00a0 CEETPS)<\/p>\n<p><img class=\"ngg_displayed_gallery mceItem\" src=\"http:\/\/etecia.com.br\/portaletecia\/nextgen-attach_to_post\/preview\/id--1570\" alt=\"\" \/><\/p>\n","protected":false},"excerpt":{"rendered":"<p>As Bases Tecnol\u00f3gicas do Centro Paula Souza na disciplina de MICROBIOLOGIA do Curso t\u00e9cnico em Qu\u00edmica possibilita que o aluno adquira ferramentas para que ele possa entender e utilizar o mundo dos micro-organismos n\u00e3o somente pelo \u00a0ponto de vista da contamina\u00e7\u00e3o de produtos mas tamb\u00e9m, corros\u00e3o, manipula\u00e7\u00e3o de alimentos e intera\u00e7\u00e3o ambiental. \u00a0O primeiro passo&nbsp;&hellip;<\/p>\n","protected":false},"author":1,"featured_media":0,"comment_status":"closed","ping_status":"open","sticky":false,"template":"","format":"standard","meta":[],"categories":[2,7],"tags":[],"_links":{"self":[{"href":"https:\/\/etecia.com.br\/index.php?rest_route=\/wp\/v2\/posts\/1477"}],"collection":[{"href":"https:\/\/etecia.com.br\/index.php?rest_route=\/wp\/v2\/posts"}],"about":[{"href":"https:\/\/etecia.com.br\/index.php?rest_route=\/wp\/v2\/types\/post"}],"author":[{"embeddable":true,"href":"https:\/\/etecia.com.br\/index.php?rest_route=\/wp\/v2\/users\/1"}],"replies":[{"embeddable":true,"href":"https:\/\/etecia.com.br\/index.php?rest_route=%2Fwp%2Fv2%2Fcomments&post=1477"}],"version-history":[{"count":0,"href":"https:\/\/etecia.com.br\/index.php?rest_route=\/wp\/v2\/posts\/1477\/revisions"}],"wp:attachment":[{"href":"https:\/\/etecia.com.br\/index.php?rest_route=%2Fwp%2Fv2%2Fmedia&parent=1477"}],"wp:term":[{"taxonomy":"category","embeddable":true,"href":"https:\/\/etecia.com.br\/index.php?rest_route=%2Fwp%2Fv2%2Fcategories&post=1477"},{"taxonomy":"post_tag","embeddable":true,"href":"https:\/\/etecia.com.br\/index.php?rest_route=%2Fwp%2Fv2%2Ftags&post=1477"}],"curies":[{"name":"wp","href":"https:\/\/api.w.org\/{rel}","templated":true}]}}