{"id":1436,"date":"2016-06-08T13:10:13","date_gmt":"2016-06-08T16:10:13","guid":{"rendered":"http:\/\/etecia.com.br\/portaletecia\/?p=1436"},"modified":"2016-06-08T13:10:13","modified_gmt":"2016-06-08T16:10:13","slug":"exposicao-paulo-freire-o-mentor-da-educacao-para-a-consciencia","status":"publish","type":"post","link":"https:\/\/etecia.com.br\/?p=1436","title":{"rendered":"Exposi\u00e7\u00e3o  Paulo Freire: o mentor da educa\u00e7\u00e3o para a consci\u00eancia"},"content":{"rendered":"<p>Ao propor a exposi\u00e7\u00e3o possibilitei que os 3\u00bas anos do Ensino M\u00e9dio Integrado ao T\u00e9cnico (Qu\u00edmica e Administra\u00e7\u00e3o) pesquisassem sobre as\u00a0 diversas falas de Freire e que atrav\u00e9s de cartazes compartilhassem com a escola. Autor da pedagogia do oprimido, defendeu que a escola deve ensinar o aluno a &#8220;ler o mundo&#8221; para poder transform\u00e1-lo ( FREIRE P., 1974). A exposi\u00e7\u00e3o \u00a0aconteceu na \u201cSemana Paulo Freire\u201d, um evento marcado em calend\u00e1rio escolar em nossa escola ETEC Irm\u00e3 Agostina.<\/p>\n<p>Atividade realizada no 1\u00ba semestre de 2016 pela Prof\u00aa Jaquelini Ribeiro Dias<\/p>\n<p>( professora de Biologia \u2013\u00a0 CEETPS)<\/p>\n<p><img class=\"ngg_displayed_gallery mceItem\" src=\"http:\/\/etecia.com.br\/portaletecia\/nextgen-attach_to_post\/preview\/id--1475\" alt=\"\" \/><\/p>\n<p>&nbsp;<\/p>\n","protected":false},"excerpt":{"rendered":"<p>Ao propor a exposi\u00e7\u00e3o possibilitei que os 3\u00bas anos do Ensino M\u00e9dio Integrado ao T\u00e9cnico (Qu\u00edmica e Administra\u00e7\u00e3o) pesquisassem sobre as\u00a0 diversas falas de Freire e que atrav\u00e9s de cartazes compartilhassem com a escola. Autor da pedagogia do oprimido, defendeu que a escola deve ensinar o aluno a &#8220;ler o mundo&#8221; para poder transform\u00e1-lo (&nbsp;&hellip;<\/p>\n","protected":false},"author":1,"featured_media":0,"comment_status":"closed","ping_status":"open","sticky":false,"template":"","format":"standard","meta":[],"categories":[2,7],"tags":[],"_links":{"self":[{"href":"https:\/\/etecia.com.br\/index.php?rest_route=\/wp\/v2\/posts\/1436"}],"collection":[{"href":"https:\/\/etecia.com.br\/index.php?rest_route=\/wp\/v2\/posts"}],"about":[{"href":"https:\/\/etecia.com.br\/index.php?rest_route=\/wp\/v2\/types\/post"}],"author":[{"embeddable":true,"href":"https:\/\/etecia.com.br\/index.php?rest_route=\/wp\/v2\/users\/1"}],"replies":[{"embeddable":true,"href":"https:\/\/etecia.com.br\/index.php?rest_route=%2Fwp%2Fv2%2Fcomments&post=1436"}],"version-history":[{"count":0,"href":"https:\/\/etecia.com.br\/index.php?rest_route=\/wp\/v2\/posts\/1436\/revisions"}],"wp:attachment":[{"href":"https:\/\/etecia.com.br\/index.php?rest_route=%2Fwp%2Fv2%2Fmedia&parent=1436"}],"wp:term":[{"taxonomy":"category","embeddable":true,"href":"https:\/\/etecia.com.br\/index.php?rest_route=%2Fwp%2Fv2%2Fcategories&post=1436"},{"taxonomy":"post_tag","embeddable":true,"href":"https:\/\/etecia.com.br\/index.php?rest_route=%2Fwp%2Fv2%2Ftags&post=1436"}],"curies":[{"name":"wp","href":"https:\/\/api.w.org\/{rel}","templated":true}]}}