{"id":1423,"date":"2016-06-03T12:39:00","date_gmt":"2016-06-03T15:39:00","guid":{"rendered":"http:\/\/etecia.com.br\/portaletecia\/?p=1423"},"modified":"2016-06-03T12:39:00","modified_gmt":"2016-06-03T15:39:00","slug":"convocacao-para-prova-pratica-metrologia-quimica","status":"publish","type":"post","link":"https:\/\/etecia.com.br\/?p=1423","title":{"rendered":"Convoca\u00e7\u00e3o para Prova Pr\u00e1tica &#8211; Metrologia Qu\u00edmica"},"content":{"rendered":"<p>CONCURSO P\u00daBLICO DE PROFESSOR DE ENSINO M\u00c9DIO E T\u00c9CNICO \u2013 EDITAL N\u00ba 238\/02\/2016 \u2013 PROCESSO N\u00ba 0001901\/2016<br \/>\nAUTORIZA\u00c7\u00c3O GOVERNAMENTAL:<\/p>\n<p>DESPACHO PUBLICADO NO DOE DE 26\/05\/2015, SE\u00c7\u00c3O I, P\u00c1GINA 1 \u2013 PROCESSO N\u00ba 5.976\/2014 (SGP-10.908-15)<br \/>\nEDITAL DE RESULTADO DA PROVA ESCRITA E CONVOCA\u00c7\u00c3O PARA A PROVA DE M\u00c9TODOS PEDAG\u00d3GICOS.<\/p>\n<p>A Comiss\u00e3o Especial de Concurso P\u00fablico da ETEC Irm\u00e3 Agostina, comunica aos candidatos abaixo relacionados o resultado da Prova Escrita e convoca para a Prova de M\u00e9todos Pedag\u00f3gicos, a ser realizada na ETEC Irm\u00e3 Agostina, sita na Av. Feliciano Correia, s\/n\u00ba, S\u00e3o Paulo.<br \/>\nOs candidatos convocados atender\u00e3o quando for o caso o item 7 e obrigatoriamente item 9, do Cap\u00edtulo X, do Edital de Abertura de Inscri\u00e7\u00f5es.<br \/>\n\u2013 COMPONENTE CURRICULAR: Metrologia Qu\u00edmica<br \/>\nCANDIDATO(S) CLASSIFICADO(S):<br \/>\nN\u00ba de Inscri\u00e7\u00e3o\/Nome ou Nome Social\/D.I. \u2013 Tipo\/CPF\/Nota\/Hor\u00e1rio:<br \/>\n03\/Patricia Ara\u00fajo dos Santos\/28.572.325-X-RG\/276.274.668-06\/90,00\/19:00.<br \/>\n01\/Danieli Melo de Freitas\/24.260.829-2-RG\/306.568.988-01\/70,00\/19:30.<br \/>\n02\/Rog\u00e9rio de Rezende\/16.345.219-2-RG\/087.403.528-70\/70,00\/20,00<\/p>\n<p>DATA: 15\/06\/2016.<\/p>\n<p>&#8211; RELA\u00c7\u00c3O DOS 3 (TR\u00caS) TEMAS PARA A PROVA (seguindo o Anexo II do Edital de Abertura de Inscri\u00e7\u00f5es):<br \/>\n1. Calibra\u00e7\u00e3o e aferi\u00e7\u00e3o de equipamentos de medi\u00e7\u00e3o qu\u00edmica.<br \/>\n2. Valida\u00e7\u00e3o de metodologias anal\u00edticas.<br \/>\n3. Fluorimetria.<\/p>\n<p>DURA\u00c7\u00c3O M\u00c1XIMA DA PROVA: 20 minutos.<\/p>\n<p>obs.\u00a0Favor trazer as xerox (comum), do RG e da Titula\u00e7\u00e3o Frente e Verso que mencionados no ato da inscri\u00e7\u00e3o.<\/p>\n","protected":false},"excerpt":{"rendered":"<p>CONCURSO P\u00daBLICO DE PROFESSOR DE ENSINO M\u00c9DIO E T\u00c9CNICO \u2013 EDITAL N\u00ba 238\/02\/2016 \u2013 PROCESSO N\u00ba 0001901\/2016 AUTORIZA\u00c7\u00c3O GOVERNAMENTAL: DESPACHO PUBLICADO NO DOE DE 26\/05\/2015, SE\u00c7\u00c3O I, P\u00c1GINA 1 \u2013 PROCESSO N\u00ba 5.976\/2014 (SGP-10.908-15) EDITAL DE RESULTADO DA PROVA ESCRITA E CONVOCA\u00c7\u00c3O PARA A PROVA DE M\u00c9TODOS PEDAG\u00d3GICOS. A Comiss\u00e3o Especial de Concurso P\u00fablico da&nbsp;&hellip;<\/p>\n","protected":false},"author":1,"featured_media":0,"comment_status":"closed","ping_status":"open","sticky":false,"template":"","format":"standard","meta":[],"categories":[8,2],"tags":[],"_links":{"self":[{"href":"https:\/\/etecia.com.br\/index.php?rest_route=\/wp\/v2\/posts\/1423"}],"collection":[{"href":"https:\/\/etecia.com.br\/index.php?rest_route=\/wp\/v2\/posts"}],"about":[{"href":"https:\/\/etecia.com.br\/index.php?rest_route=\/wp\/v2\/types\/post"}],"author":[{"embeddable":true,"href":"https:\/\/etecia.com.br\/index.php?rest_route=\/wp\/v2\/users\/1"}],"replies":[{"embeddable":true,"href":"https:\/\/etecia.com.br\/index.php?rest_route=%2Fwp%2Fv2%2Fcomments&post=1423"}],"version-history":[{"count":0,"href":"https:\/\/etecia.com.br\/index.php?rest_route=\/wp\/v2\/posts\/1423\/revisions"}],"wp:attachment":[{"href":"https:\/\/etecia.com.br\/index.php?rest_route=%2Fwp%2Fv2%2Fmedia&parent=1423"}],"wp:term":[{"taxonomy":"category","embeddable":true,"href":"https:\/\/etecia.com.br\/index.php?rest_route=%2Fwp%2Fv2%2Fcategories&post=1423"},{"taxonomy":"post_tag","embeddable":true,"href":"https:\/\/etecia.com.br\/index.php?rest_route=%2Fwp%2Fv2%2Ftags&post=1423"}],"curies":[{"name":"wp","href":"https:\/\/api.w.org\/{rel}","templated":true}]}}