{"id":1421,"date":"2016-06-03T12:38:16","date_gmt":"2016-06-03T15:38:16","guid":{"rendered":"http:\/\/etecia.com.br\/portaletecia\/?p=1421"},"modified":"2016-06-03T12:38:16","modified_gmt":"2016-06-03T15:38:16","slug":"convocacao-para-prova-pratica-analise-dos-processos-fisico-quimicos-ii","status":"publish","type":"post","link":"https:\/\/etecia.com.br\/?p=1421","title":{"rendered":"Convoca\u00e7\u00e3o para Prova Pr\u00e1tica &#8211; An\u00e1lise dos Processos F\u00edsico-Qu\u00edmicos II"},"content":{"rendered":"<p>CONCURSO P\u00daBLICO DE PROFESSOR DE ENSINO M\u00c9DIO E T\u00c9CNICO \u2013 EDITAL N\u00ba 238\/01\/2016 \u2013 PROCESSO N\u00ba 0001900\/2016<\/p>\n<p>AUTORIZA\u00c7\u00c3O GOVERNAMENTAL:<\/p>\n<p>DESPACHO PUBLICADO NO DOE DE 26\/05\/2015, SE\u00c7\u00c3O I, P\u00c1GINA 1 \u2013 PROCESSO N\u00ba 5.976\/2014 (SGP-10.908-15)<br \/>\nEDITAL DE RESULTADO DA PROVA ESCRITA E CONVOCA\u00c7\u00c3O PARA A PROVA DE M\u00c9TODOS PEDAG\u00d3GICOS.<\/p>\n<p>A Comiss\u00e3o Especial de Concurso P\u00fablico da ETEC Irm\u00e3 Agostina, comunica aos candidatos abaixo relacionados o resultado da Prova Escrita e convoca para a Prova de M\u00e9todos Pedag\u00f3gicos, a ser realizada na ETEC Irm\u00e3 Agostina, sita na Av Feliciano Correia,s\/n\u00ba S\u00e3o Paulo.<br \/>\nOs candidatos convocados atender\u00e3o quando for o caso o item 7 e obrigatoriamente item 9, do Cap\u00edtulo X, do Edital de Abertura de Inscri\u00e7\u00f5es.<br \/>\n\u2013 COMPONENTE CURRICULAR: An\u00e1lise de Processos F\u00edsico \u2013 Qu\u00edmico II<br \/>\nCANDIDATO(S) CLASSIFICADO(S):<br \/>\nN\u00ba de Inscri\u00e7\u00e3o\/Nome ou Nome Social\/D.I. \u2013 Tipo\/CPF\/Nota\/Hor\u00e1rio:<br \/>\n03\/Lilian Patr\u00edcia Lima\/30.495.865-7-RG\/289.617.648-96\/100,00\/ 11:30.<br \/>\n05\/Isis Xenofonte Brito\/40.602.847-3-RG\/324.064.198-43\/90,00\/ 13:30.<br \/>\n10\/Juliana Leal Santos\/46.682.822-6-RG\/384.922.598-41\/90,00\/14:00.<br \/>\n11\/Thais Taciano dos Santos\/41.195.284-5-RG\/353.988.438-69\/90,00\/14:30.<br \/>\n12\/Fabio Rizzo de Aguiar\/26.530.257-2-RG\/263.124.868-69\/90,00\/15:00.<br \/>\n01\/Aline Alves Ramos\/44.122.862-8-RG\/339.957.008-29\/80,00\/15:30.<br \/>\n13\/Luciano Rodrigues de Jesus\/47.436.714-9-RG\/396.412.928-38\/80,00\/16:00.<br \/>\n04\/Antonio Rodrigues Machado\/11.723.056-RG\/011.724.518-69\/80,00\/16:30.<br \/>\n09\/Priscila de Oliveira e Silva Ten\u00f3rio\/1730298-RG\/034.024.354-62\/70,00\/17:00.<br \/>\n08\/Marco Ferreira Viana\/27.831.224-X-RG\/213.401.718-05\/60,00\/17:30.<\/p>\n<p>DATA: 14\/06\/2016.<\/p>\n<p>&#8211; RELA\u00c7\u00c3O DOS 3 (TR\u00caS) TEMAS PARA A PROVA (seguindo o Anexo II do Edital de Abertura de Inscri\u00e7\u00f5es):<br \/>\n1. Propriedades Coligativas.<br \/>\n2. Termoqu\u00edmica.<br \/>\n3. Equil\u00edbrio Qu\u00edmico.<br \/>\nDURA\u00c7\u00c3O M\u00c1XIMA DA PROVA: 20 minutos.<\/p>\n<p>&nbsp;<\/p>\n<p>CANDIDATO(S) AUSENTE(S):<br \/>\nN\u00ba de Inscri\u00e7\u00e3o\/D.I. \u2013 Tipo\/CPF:_<br \/>\n02\/3.202.130-6 \u2013RG\/271.765.768-15;<br \/>\n07\/32.347.248-5-RG\/287.992.508-88;<br \/>\n08\/47.004.945-5-RG\/067.362.196-04<\/p>\n<p>&nbsp;<\/p>\n<p>obs.\u00a0Favor trazer as xerox (comum), do RG e da Titula\u00e7\u00e3o Frente e Verso que mencionados no ato da inscri\u00e7\u00e3o.<\/p>\n","protected":false},"excerpt":{"rendered":"<p>CONCURSO P\u00daBLICO DE PROFESSOR DE ENSINO M\u00c9DIO E T\u00c9CNICO \u2013 EDITAL N\u00ba 238\/01\/2016 \u2013 PROCESSO N\u00ba 0001900\/2016 AUTORIZA\u00c7\u00c3O GOVERNAMENTAL: DESPACHO PUBLICADO NO DOE DE 26\/05\/2015, SE\u00c7\u00c3O I, P\u00c1GINA 1 \u2013 PROCESSO N\u00ba 5.976\/2014 (SGP-10.908-15) EDITAL DE RESULTADO DA PROVA ESCRITA E CONVOCA\u00c7\u00c3O PARA A PROVA DE M\u00c9TODOS PEDAG\u00d3GICOS. A Comiss\u00e3o Especial de Concurso P\u00fablico da&nbsp;&hellip;<\/p>\n","protected":false},"author":1,"featured_media":0,"comment_status":"closed","ping_status":"open","sticky":false,"template":"","format":"standard","meta":[],"categories":[8,2],"tags":[],"_links":{"self":[{"href":"https:\/\/etecia.com.br\/index.php?rest_route=\/wp\/v2\/posts\/1421"}],"collection":[{"href":"https:\/\/etecia.com.br\/index.php?rest_route=\/wp\/v2\/posts"}],"about":[{"href":"https:\/\/etecia.com.br\/index.php?rest_route=\/wp\/v2\/types\/post"}],"author":[{"embeddable":true,"href":"https:\/\/etecia.com.br\/index.php?rest_route=\/wp\/v2\/users\/1"}],"replies":[{"embeddable":true,"href":"https:\/\/etecia.com.br\/index.php?rest_route=%2Fwp%2Fv2%2Fcomments&post=1421"}],"version-history":[{"count":0,"href":"https:\/\/etecia.com.br\/index.php?rest_route=\/wp\/v2\/posts\/1421\/revisions"}],"wp:attachment":[{"href":"https:\/\/etecia.com.br\/index.php?rest_route=%2Fwp%2Fv2%2Fmedia&parent=1421"}],"wp:term":[{"taxonomy":"category","embeddable":true,"href":"https:\/\/etecia.com.br\/index.php?rest_route=%2Fwp%2Fv2%2Fcategories&post=1421"},{"taxonomy":"post_tag","embeddable":true,"href":"https:\/\/etecia.com.br\/index.php?rest_route=%2Fwp%2Fv2%2Ftags&post=1421"}],"curies":[{"name":"wp","href":"https:\/\/api.w.org\/{rel}","templated":true}]}}