{"id":1419,"date":"2016-06-03T12:36:53","date_gmt":"2016-06-03T15:36:53","guid":{"rendered":"http:\/\/etecia.com.br\/portaletecia\/?p=1419"},"modified":"2016-06-03T12:36:53","modified_gmt":"2016-06-03T15:36:53","slug":"convocacao-para-prova-pratica-auxiliar-docente-de-informatica","status":"publish","type":"post","link":"https:\/\/etecia.com.br\/?p=1419","title":{"rendered":"Convoca\u00e7\u00e3o para Prova Pr\u00e1tica &#8211; Auxiliar Docente de Inform\u00e1tica"},"content":{"rendered":"<p>EDITAL DE RESULTADO DA PROVA TE\u00d3RICA E CONVOCA\u00c7\u00c3O PARA A PROVA PR\u00c1TICA<br \/>\nA Comiss\u00e3o Especial de Concurso P\u00fablico da ETEC IRM\u00c3 AGOSTINA, comunica aos candidatos abaixo relacionados o resultado da Prova Te\u00f3rica, e convoca para a Prova Pr\u00e1tica, a ser realizada na ETEC IRM\u00c3 AGOSTINA, sita na Av. Feliciano Correia, s\/n\u00ba, S\u00e3o Paulo.<br \/>\nOs candidatos convocados atender\u00e3o obrigatoriamente o item 11 do Cap\u00edtulo X, do Edital de Abertura de Inscri\u00e7\u00f5es.<\/p>\n<p>\u00c1REA DE ATUA\u00c7\u00c3O: INFORM\u00c1TICA.<br \/>\nCANDIDATO(S) QUALIFICADO(S):<br \/>\nN\u00ba de Inscri\u00e7\u00e3o\/Nome ou Nome Social\/D.I. \u2013 Tipo\/CPF\/Nota\/Hor\u00e1rio<br \/>\n03\/Josias dos Santos\/30.132.646-0-RG\/272.011.758-74\/75,00\/16,00<br \/>\n01\/Ivair de Almeida\/19.304.046-3-RG\/112.380.638-10\/70,00\/16,45<br \/>\n02\/Leandro Santos de Jesus\/22.308.884-5-RG\/135.187.038-62\/70,00\/17,25<br \/>\n05\/Sandro Carlos Rocha da Silva\/35.306.138-4-RG\/317.912.348-60\/70,00\/19,00<br \/>\n04\/Jos\u00e9 Antonio de Sousa\/47.035.717-RG\/343.721.548-52\/65,00\/19,45<\/p>\n<p>DATA: 16\/06\/2016.<\/p>\n<p>ATIVIDADE PR\u00c1TICA A SER DESENVOLVIDA<br \/>\nTema 1 \u2013 Manuten\u00e7\u00e3o corretiva de equipamento (parte I).<br \/>\nTema 2 \u2013 Manuten\u00e7\u00e3o corretiva de equipamento (parte II).<br \/>\nTema 3 \u2013 Problema durante a instala\u00e7\u00e3o de equipamento.<br \/>\n________________________________.<br \/>\nDURA\u00c7\u00c3O M\u00c1XIMA DA PROVA: 40 (Quarenta) Minutos.<\/p>\n<p>&nbsp;<\/p>\n<p><strong>obs<\/strong>.\u00a0Favor trazer as xerox (comum), do RG e da Titula\u00e7\u00e3o Frente e Verso que mencionados no ato da inscri\u00e7\u00e3o.<\/p>\n","protected":false},"excerpt":{"rendered":"<p>EDITAL DE RESULTADO DA PROVA TE\u00d3RICA E CONVOCA\u00c7\u00c3O PARA A PROVA PR\u00c1TICA A Comiss\u00e3o Especial de Concurso P\u00fablico da ETEC IRM\u00c3 AGOSTINA, comunica aos candidatos abaixo relacionados o resultado da Prova Te\u00f3rica, e convoca para a Prova Pr\u00e1tica, a ser realizada na ETEC IRM\u00c3 AGOSTINA, sita na Av. Feliciano Correia, s\/n\u00ba, S\u00e3o Paulo. Os candidatos&nbsp;&hellip;<\/p>\n","protected":false},"author":1,"featured_media":0,"comment_status":"closed","ping_status":"open","sticky":false,"template":"","format":"standard","meta":[],"categories":[8,2],"tags":[],"_links":{"self":[{"href":"https:\/\/etecia.com.br\/index.php?rest_route=\/wp\/v2\/posts\/1419"}],"collection":[{"href":"https:\/\/etecia.com.br\/index.php?rest_route=\/wp\/v2\/posts"}],"about":[{"href":"https:\/\/etecia.com.br\/index.php?rest_route=\/wp\/v2\/types\/post"}],"author":[{"embeddable":true,"href":"https:\/\/etecia.com.br\/index.php?rest_route=\/wp\/v2\/users\/1"}],"replies":[{"embeddable":true,"href":"https:\/\/etecia.com.br\/index.php?rest_route=%2Fwp%2Fv2%2Fcomments&post=1419"}],"version-history":[{"count":0,"href":"https:\/\/etecia.com.br\/index.php?rest_route=\/wp\/v2\/posts\/1419\/revisions"}],"wp:attachment":[{"href":"https:\/\/etecia.com.br\/index.php?rest_route=%2Fwp%2Fv2%2Fmedia&parent=1419"}],"wp:term":[{"taxonomy":"category","embeddable":true,"href":"https:\/\/etecia.com.br\/index.php?rest_route=%2Fwp%2Fv2%2Fcategories&post=1419"},{"taxonomy":"post_tag","embeddable":true,"href":"https:\/\/etecia.com.br\/index.php?rest_route=%2Fwp%2Fv2%2Ftags&post=1419"}],"curies":[{"name":"wp","href":"https:\/\/api.w.org\/{rel}","templated":true}]}}