{"id":1397,"date":"2016-06-01T12:54:02","date_gmt":"2016-06-01T15:54:02","guid":{"rendered":"http:\/\/etecia.com.br\/portaletecia\/?p=1397"},"modified":"2016-06-01T12:54:02","modified_gmt":"2016-06-01T15:54:02","slug":"projeto-grafismos-indigenas-possiveis-dialogos-esteticos-e-criativos","status":"publish","type":"post","link":"https:\/\/etecia.com.br\/?p=1397","title":{"rendered":"Projeto: \u201cGrafismos ind\u00edgenas: poss\u00edveis di\u00e1logos est\u00e9ticos e criativos\u201d"},"content":{"rendered":"<p>O Projeto de Exposi\u00e7\u00e3o \u201cGrafismos Ind\u00edgenas: poss\u00edveis di\u00e1logos est\u00e9ticos e criativos\u201d, foi<br \/>\ndesenvolvido durante as aulas de arte com alunos dos 1\u00bas Etims Nutri, Adm, Qu\u00edmica e<br \/>\n2\u00baNutri durante o 1\u00babimestre de 2016. A idealizadora e respons\u00e1vel pelo projeto foi a professora <strong>F\u00e1tima Miranda<\/strong>.<br \/>\nA proposta deste trabalho recai sobre as m\u00faltiplas possibilidades visuais e est\u00e9ticas diante<br \/>\nda observa\u00e7\u00e3o de refer\u00eancias de grafismos ind\u00edgenas de v\u00e1rias etnias, que a priori,<br \/>\napresentam-se em p x b (preto e branco) e a posteriori, s\u00e3o reelaboradas com cores diversas<br \/>\npelos alunos.<br \/>\nOs grafismos representam as primeiras grafias, desenhos, riscaduras dos povos origin\u00e1rios, e<br \/>\npermanecem at\u00e9 os nossos dias atuais. Representam as maneiras socioculturais desses<br \/>\npovos, identificando-os perante suas diversidades.<br \/>\nEnquanto no s\u00e9culo XV, o Renascimento europeu florescia em meio \u00e0s ci\u00eancias e \u00e0s artes,<br \/>\npovos ditos subdesenvolvidos j\u00e1 possu\u00edam sua cultura pr\u00f3pria, seu modo de ver e interpretar<br \/>\no mundo, a Natureza, com significados e simbologias bem diferentes da sociedade europeia.<br \/>\nOs grafismos ind\u00edgenas podem ser reintroduzidos, reelaborados nos nossos dias atuais<br \/>\natrav\u00e9s do di\u00e1logo visual, quando h\u00e1 possibilidades de represent\u00e1-los, respeitando-se no<br \/>\nentanto, a sua origem primeira.<br \/>\nA seguir, o processo de desenvolvimento das pinturas coletivas sobre grafismos ind\u00edgenas,<br \/>\nfeitas com tinta guache sobre papel kraft:<br \/>\nAlunos dos 1\u00baanos Etims (Nutri, ADM, Qu\u00edmica) e 2\u00baano Nutri:<\/p>\n<p><a href=\"http:\/\/etecia.com.br\/portaletecia\/wp-content\/uploads\/2016\/06\/art3.png\" class=\"broken_link\"><img loading=\"lazy\" class=\"alignleft size-medium wp-image-1399\" src=\"http:\/\/etecia.com.br\/portaletecia\/wp-content\/uploads\/2016\/06\/art3-300x234.png\" alt=\"art3\" width=\"300\" height=\"234\" \/><\/a> <a href=\"http:\/\/etecia.com.br\/portaletecia\/wp-content\/uploads\/2016\/06\/art4.png\" class=\"broken_link\"><img loading=\"lazy\" class=\"alignleft size-medium wp-image-1400\" src=\"http:\/\/etecia.com.br\/portaletecia\/wp-content\/uploads\/2016\/06\/art4-300x231.png\" alt=\"art4\" width=\"300\" height=\"231\" \/><\/a> <a href=\"http:\/\/etecia.com.br\/portaletecia\/wp-content\/uploads\/2016\/06\/art5.png\" class=\"broken_link\"><img loading=\"lazy\" class=\"alignleft size-medium wp-image-1401\" src=\"http:\/\/etecia.com.br\/portaletecia\/wp-content\/uploads\/2016\/06\/art5-300x226.png\" alt=\"art5\" width=\"300\" height=\"226\" \/><\/a> <a href=\"http:\/\/etecia.com.br\/portaletecia\/wp-content\/uploads\/2016\/06\/art6.png\" class=\"broken_link\"><img loading=\"lazy\" class=\"alignleft size-medium wp-image-1402\" src=\"http:\/\/etecia.com.br\/portaletecia\/wp-content\/uploads\/2016\/06\/art6-300x228.png\" alt=\"art6\" width=\"300\" height=\"228\" \/><\/a> <a href=\"http:\/\/etecia.com.br\/portaletecia\/wp-content\/uploads\/2016\/06\/art7.png\" class=\"broken_link\"><img loading=\"lazy\" class=\"alignleft size-medium wp-image-1403\" src=\"http:\/\/etecia.com.br\/portaletecia\/wp-content\/uploads\/2016\/06\/art7-300x227.png\" alt=\"art7\" width=\"300\" height=\"227\" \/><\/a> <a href=\"http:\/\/etecia.com.br\/portaletecia\/wp-content\/uploads\/2016\/06\/art8.png\" class=\"broken_link\"><img loading=\"lazy\" class=\"alignleft size-medium wp-image-1404\" src=\"http:\/\/etecia.com.br\/portaletecia\/wp-content\/uploads\/2016\/06\/art8-300x219.png\" alt=\"art8\" width=\"300\" height=\"219\" \/><\/a> <a href=\"http:\/\/etecia.com.br\/portaletecia\/wp-content\/uploads\/2016\/06\/art9.png\" class=\"broken_link\"><img loading=\"lazy\" class=\"alignleft size-medium wp-image-1405\" src=\"http:\/\/etecia.com.br\/portaletecia\/wp-content\/uploads\/2016\/06\/art9-300x218.png\" alt=\"art9\" width=\"300\" height=\"218\" \/><\/a> <a href=\"http:\/\/etecia.com.br\/portaletecia\/wp-content\/uploads\/2016\/06\/art10.png\" class=\"broken_link\"><img loading=\"lazy\" class=\"alignleft size-medium wp-image-1406\" src=\"http:\/\/etecia.com.br\/portaletecia\/wp-content\/uploads\/2016\/06\/art10-273x300.png\" alt=\"art10\" width=\"273\" height=\"300\" \/><\/a> <a href=\"http:\/\/etecia.com.br\/portaletecia\/wp-content\/uploads\/2016\/06\/art11.png\" class=\"broken_link\"><img loading=\"lazy\" class=\"alignleft size-medium wp-image-1407\" src=\"http:\/\/etecia.com.br\/portaletecia\/wp-content\/uploads\/2016\/06\/art11-300x249.png\" alt=\"art11\" width=\"300\" height=\"249\" \/><\/a> <a href=\"http:\/\/etecia.com.br\/portaletecia\/wp-content\/uploads\/2016\/06\/art1.png\" class=\"broken_link\"><img loading=\"lazy\" class=\"alignleft size-medium wp-image-1408\" src=\"http:\/\/etecia.com.br\/portaletecia\/wp-content\/uploads\/2016\/06\/art1-300x234.png\" alt=\"art1\" width=\"300\" height=\"234\" \/><\/a> <a href=\"http:\/\/etecia.com.br\/portaletecia\/wp-content\/uploads\/2016\/06\/art2.png\" class=\"broken_link\"><img loading=\"lazy\" class=\"alignleft size-medium wp-image-1409\" src=\"http:\/\/etecia.com.br\/portaletecia\/wp-content\/uploads\/2016\/06\/art2-300x233.png\" alt=\"art2\" width=\"300\" height=\"233\" \/><\/a><\/p>\n<p>&nbsp;<\/p>\n","protected":false},"excerpt":{"rendered":"<p>O Projeto de Exposi\u00e7\u00e3o \u201cGrafismos Ind\u00edgenas: poss\u00edveis di\u00e1logos est\u00e9ticos e criativos\u201d, foi desenvolvido durante as aulas de arte com alunos dos 1\u00bas Etims Nutri, Adm, Qu\u00edmica e 2\u00baNutri durante o 1\u00babimestre de 2016. A idealizadora e respons\u00e1vel pelo projeto foi a professora F\u00e1tima Miranda. A proposta deste trabalho recai sobre as m\u00faltiplas possibilidades visuais e&nbsp;&hellip;<\/p>\n","protected":false},"author":1,"featured_media":0,"comment_status":"closed","ping_status":"open","sticky":false,"template":"","format":"standard","meta":[],"categories":[2,7],"tags":[],"_links":{"self":[{"href":"https:\/\/etecia.com.br\/index.php?rest_route=\/wp\/v2\/posts\/1397"}],"collection":[{"href":"https:\/\/etecia.com.br\/index.php?rest_route=\/wp\/v2\/posts"}],"about":[{"href":"https:\/\/etecia.com.br\/index.php?rest_route=\/wp\/v2\/types\/post"}],"author":[{"embeddable":true,"href":"https:\/\/etecia.com.br\/index.php?rest_route=\/wp\/v2\/users\/1"}],"replies":[{"embeddable":true,"href":"https:\/\/etecia.com.br\/index.php?rest_route=%2Fwp%2Fv2%2Fcomments&post=1397"}],"version-history":[{"count":0,"href":"https:\/\/etecia.com.br\/index.php?rest_route=\/wp\/v2\/posts\/1397\/revisions"}],"wp:attachment":[{"href":"https:\/\/etecia.com.br\/index.php?rest_route=%2Fwp%2Fv2%2Fmedia&parent=1397"}],"wp:term":[{"taxonomy":"category","embeddable":true,"href":"https:\/\/etecia.com.br\/index.php?rest_route=%2Fwp%2Fv2%2Fcategories&post=1397"},{"taxonomy":"post_tag","embeddable":true,"href":"https:\/\/etecia.com.br\/index.php?rest_route=%2Fwp%2Fv2%2Ftags&post=1397"}],"curies":[{"name":"wp","href":"https:\/\/api.w.org\/{rel}","templated":true}]}}