{"id":1395,"date":"2016-06-01T10:38:34","date_gmt":"2016-06-01T13:38:34","guid":{"rendered":"http:\/\/etecia.com.br\/portaletecia\/?p=1395"},"modified":"2016-06-01T10:38:34","modified_gmt":"2016-06-01T13:38:34","slug":"convocacao-de-alunos-faltosos-01062016","status":"publish","type":"post","link":"https:\/\/etecia.com.br\/?p=1395","title":{"rendered":"Convoca\u00e7\u00e3o de Alunos Faltosos 01\/06\/2016"},"content":{"rendered":"<p>O Diretor da Escola T\u00e9cnica Estadual Irm\u00e3 Agostina, no uso de suas atribui\u00e7\u00f5es, <strong>CONVOCA<\/strong> os alunos abaixo relacionados para justificarem por escrito na secretaria acad\u00eamica, no prazo de 05 (cinco) dias \u00fateis, a contar da data de publica\u00e7\u00e3o da presente convoca\u00e7\u00e3o, a aus\u00eancia \u00e0s aulas por mais de 15 (quinze) dias consecutivos.<\/p>\n<p>A falta de justificativa implicar\u00e1 na perda do direito \u00e0 vaga, conforme disp\u00f5e o <em>\u00a7 2\u00ba do Artigo 57 do Regimento Comum das Etecs do CEETEPS<\/em>.<\/p>\n<p>&nbsp;<\/p>\n<table width=\"696\">\n<tbody>\n<tr>\n<td width=\"77\"><strong>RM<\/strong><\/td>\n<td width=\"261\"><strong>Nome do Aluno<\/strong><\/td>\n<td width=\"197\"><strong>Curso<\/strong><\/td>\n<td width=\"85\"><strong>S\u00e9rie\/M\u00f3d.<\/strong><\/td>\n<td width=\"76\"><strong>Per\u00edodo<\/strong><\/td>\n<\/tr>\n<tr>\n<td width=\"77\">16247<\/td>\n<td width=\"261\">Isabela Vieira Leit\u00e3o<\/td>\n<td width=\"197\">T\u00e9c. Nutri\u00e7\u00e3o e Diet\u00e9tica<\/td>\n<td width=\"85\">1N<\/td>\n<td width=\"76\">Noite<\/td>\n<\/tr>\n<tr>\n<td width=\"77\">42817<\/td>\n<td width=\"261\">Celia de Oliveira<\/td>\n<td width=\"197\">T\u00e9c. Nutri\u00e7\u00e3o e Diet\u00e9tica<\/td>\n<td width=\"85\">2N<\/td>\n<td width=\"76\">Noite<\/td>\n<\/tr>\n<tr>\n<td width=\"77\">42909<\/td>\n<td width=\"261\">Weslley Cintra Lima<\/td>\n<td width=\"197\">T\u00e9c. Inform\u00e1tica<\/td>\n<td width=\"85\">2H<\/td>\n<td width=\"76\">Noite<\/td>\n<\/tr>\n<tr>\n<td width=\"77\">16120<\/td>\n<td width=\"261\">Eduardo Henrique Campos Cunha<\/td>\n<td width=\"197\">T\u00e9c. Qu\u00edmica<\/td>\n<td width=\"85\">1J<\/td>\n<td width=\"76\">Noite<\/td>\n<\/tr>\n<tr>\n<td width=\"77\">16260<\/td>\n<td width=\"261\">Regiane Pereira da Silva<\/td>\n<td width=\"197\">T\u00e9c. Administra\u00e7\u00e3o<\/td>\n<td width=\"85\">1L<\/td>\n<td width=\"76\">Noite<\/td>\n<\/tr>\n<\/tbody>\n<\/table>\n<p>&nbsp;<\/p>\n<p>&nbsp;<\/p>\n","protected":false},"excerpt":{"rendered":"<p>O Diretor da Escola T\u00e9cnica Estadual Irm\u00e3 Agostina, no uso de suas atribui\u00e7\u00f5es, CONVOCA os alunos abaixo relacionados para justificarem por escrito na secretaria acad\u00eamica, no prazo de 05 (cinco) dias \u00fateis, a contar da data de publica\u00e7\u00e3o da presente convoca\u00e7\u00e3o, a aus\u00eancia \u00e0s aulas por mais de 15 (quinze) dias consecutivos. A falta de&nbsp;&hellip;<\/p>\n","protected":false},"author":1,"featured_media":0,"comment_status":"closed","ping_status":"open","sticky":false,"template":"","format":"standard","meta":[],"categories":[2],"tags":[],"_links":{"self":[{"href":"https:\/\/etecia.com.br\/index.php?rest_route=\/wp\/v2\/posts\/1395"}],"collection":[{"href":"https:\/\/etecia.com.br\/index.php?rest_route=\/wp\/v2\/posts"}],"about":[{"href":"https:\/\/etecia.com.br\/index.php?rest_route=\/wp\/v2\/types\/post"}],"author":[{"embeddable":true,"href":"https:\/\/etecia.com.br\/index.php?rest_route=\/wp\/v2\/users\/1"}],"replies":[{"embeddable":true,"href":"https:\/\/etecia.com.br\/index.php?rest_route=%2Fwp%2Fv2%2Fcomments&post=1395"}],"version-history":[{"count":0,"href":"https:\/\/etecia.com.br\/index.php?rest_route=\/wp\/v2\/posts\/1395\/revisions"}],"wp:attachment":[{"href":"https:\/\/etecia.com.br\/index.php?rest_route=%2Fwp%2Fv2%2Fmedia&parent=1395"}],"wp:term":[{"taxonomy":"category","embeddable":true,"href":"https:\/\/etecia.com.br\/index.php?rest_route=%2Fwp%2Fv2%2Fcategories&post=1395"},{"taxonomy":"post_tag","embeddable":true,"href":"https:\/\/etecia.com.br\/index.php?rest_route=%2Fwp%2Fv2%2Ftags&post=1395"}],"curies":[{"name":"wp","href":"https:\/\/api.w.org\/{rel}","templated":true}]}}