{"id":1370,"date":"2016-05-24T15:45:46","date_gmt":"2016-05-24T18:45:46","guid":{"rendered":"http:\/\/etecia.com.br\/portaletecia\/?p=1370"},"modified":"2016-05-24T15:45:46","modified_gmt":"2016-05-24T18:45:46","slug":"convocacao-para-constituicao-da-apm-2","status":"publish","type":"post","link":"https:\/\/etecia.com.br\/?p=1370","title":{"rendered":"Convoca\u00e7\u00e3o para Constitui\u00e7\u00e3o da APM"},"content":{"rendered":"<p>Convocamos mestres, pais, alunos e funcion\u00e1rios da Escola T\u00e9cnica Estadual Irm\u00e3 Agostina, a participarem da ASSEMBL\u00c9IA GERAL ORDIN\u00c1RIA, que realizar-se-\u00e1 no dia 30\/05\/2016, na avenida Feliciano Correia, s\/n. A assembl\u00e9ia ser\u00e1 instalada em primeira convoca\u00e7\u00e3o \u00e0s 19h30 e em segunda convoca\u00e7\u00e3o \u00e0s 20h00, para a seguinte ordem do dia:<\/p>\n<ul>\n<li>Deliberar sobre a aprova\u00e7\u00e3o das contas e o resultado financeiro da diretoria da Associa\u00e7\u00e3o de Pais e Mestres da ETEC &#8220;Irm\u00e3 Agostina&#8221;, mandato firmado em 31\/05\/2016.<\/li>\n<li>Deliberar sobre elei\u00e7\u00e3o de novos membros do conselho deliberativo da Diretoria Executiva e do Conselho Fiscal para o pr\u00f3ximo mandato.<\/li>\n<\/ul>\n<p>&nbsp;<\/p>\n<p>S\u00e3o Paulo, 14 de maio de 2016.<\/p>\n","protected":false},"excerpt":{"rendered":"<p>Convocamos mestres, pais, alunos e funcion\u00e1rios da Escola T\u00e9cnica Estadual Irm\u00e3 Agostina, a participarem da ASSEMBL\u00c9IA GERAL ORDIN\u00c1RIA, que realizar-se-\u00e1 no dia 30\/05\/2016, na avenida Feliciano Correia, s\/n. A assembl\u00e9ia ser\u00e1 instalada em primeira convoca\u00e7\u00e3o \u00e0s 19h30 e em segunda convoca\u00e7\u00e3o \u00e0s 20h00, para a seguinte ordem do dia: Deliberar sobre a aprova\u00e7\u00e3o das contas&nbsp;&hellip;<\/p>\n","protected":false},"author":1,"featured_media":0,"comment_status":"closed","ping_status":"open","sticky":false,"template":"","format":"standard","meta":[],"categories":[2],"tags":[],"_links":{"self":[{"href":"https:\/\/etecia.com.br\/index.php?rest_route=\/wp\/v2\/posts\/1370"}],"collection":[{"href":"https:\/\/etecia.com.br\/index.php?rest_route=\/wp\/v2\/posts"}],"about":[{"href":"https:\/\/etecia.com.br\/index.php?rest_route=\/wp\/v2\/types\/post"}],"author":[{"embeddable":true,"href":"https:\/\/etecia.com.br\/index.php?rest_route=\/wp\/v2\/users\/1"}],"replies":[{"embeddable":true,"href":"https:\/\/etecia.com.br\/index.php?rest_route=%2Fwp%2Fv2%2Fcomments&post=1370"}],"version-history":[{"count":0,"href":"https:\/\/etecia.com.br\/index.php?rest_route=\/wp\/v2\/posts\/1370\/revisions"}],"wp:attachment":[{"href":"https:\/\/etecia.com.br\/index.php?rest_route=%2Fwp%2Fv2%2Fmedia&parent=1370"}],"wp:term":[{"taxonomy":"category","embeddable":true,"href":"https:\/\/etecia.com.br\/index.php?rest_route=%2Fwp%2Fv2%2Fcategories&post=1370"},{"taxonomy":"post_tag","embeddable":true,"href":"https:\/\/etecia.com.br\/index.php?rest_route=%2Fwp%2Fv2%2Ftags&post=1370"}],"curies":[{"name":"wp","href":"https:\/\/api.w.org\/{rel}","templated":true}]}}