{"id":1350,"date":"2016-05-11T11:15:05","date_gmt":"2016-05-11T14:15:05","guid":{"rendered":"http:\/\/etecia.com.br\/portaletecia\/?p=1350"},"modified":"2016-05-11T11:15:05","modified_gmt":"2016-05-11T14:15:05","slug":"processo-seletivo-para-diversas-disciplinas","status":"publish","type":"post","link":"https:\/\/etecia.com.br\/?p=1350","title":{"rendered":"Processo Seletivo para Diversas Disciplinas"},"content":{"rendered":"<p>A ETEC Irm\u00e3 Agostina abriu Processo Seletivo para Professores. S\u00e3o 29 disciplinas de diversas \u00e1reas.<\/p>\n<p>As inscri\u00e7\u00f5es devem ser feitas na pr\u00f3pria unidade, de 11 \u00e0 25 de maio das 09h \u00e0s 12h e das 14h \u00e0s 18h.<\/p>\n<p>As disciplinas s\u00e3o as seguintes:<\/p>\n<ol>\n<li>Custos e Opera\u00e7\u00f5es Cont\u00e1beis (Administra\u00e7\u00e3o);<\/li>\n<li>Processos Operacionais Cont\u00e1beis (para a Habilita\u00e7\u00e3o Administra\u00e7\u00e3o) (Administra\u00e7\u00e3o);<\/li>\n<li>Gest\u00e3o Financeira e Econ\u00f4mica (Administra\u00e7\u00e3o);<\/li>\n<li>Gest\u00e3o Financeira e Econ\u00f4mica (Administra\u00e7\u00e3o Integrado ao Ensino M\u00e9dio);<\/li>\n<li>Processos Operacionais Cont\u00e1beis I (Administra\u00e7\u00e3o Integrado ao Ensino M\u00e9dio);<\/li>\n<li>Processos Operacionais Cont\u00e1beis II (Administra\u00e7\u00e3o Integrado ao Ensino M\u00e9dio);<\/li>\n<li>Qu\u00edmica (Base Nacional Comum\/ ETIM) (Ensino M\u00e9dio &#8211; BNC \/ PD);<\/li>\n<li>F\u00edsica (Base Nacional Comum\/ ETIM) (Ensino M\u00e9dio &#8211; BNC \/ PD);<\/li>\n<li>Matem\u00e1tica (Base Nacional Comum\/ ETIM) (Ensino Medio &#8211; BNC \/ PD);<\/li>\n<li>Hist\u00f3ria (Base Nacional Comum\/ ETIM) (Ensino M\u00e9dio &#8211; BNC \/ PD);<\/li>\n<li>Lingua Portuguesa, Literatura e Comunica\u00e7\u00e3o Profissional (Base Nacional Comum\/ ETIM)(Ensino Medio &#8211; BNC \/ PD);<\/li>\n<li>Geografia (Base Nacional Comum\/ ETIM) (Ensino M\u00e9dio &#8211; BNC \/ PD);<\/li>\n<li>Sociologia (Base Nacional Comum\/ ETIM) (Ensino M\u00e9dio &#8211; BNC \/ PD);<\/li>\n<li>L\u00edngua Estrangeira Moderna &#8211; Ingl\u00eas (Base Nacional Comum\/ ETIM) (Ensino Medio &#8211; BNC \/ PD);<\/li>\n<li>T\u00e9cnicas de Orienta\u00e7\u00e3o a Objetos (Inform\u00e1tica);<\/li>\n<li>Seguran\u00e7a Digital (Inform\u00e1tica);<\/li>\n<li>T\u00e9cnicas de Programa\u00e7\u00e3o para Internet II (Inform\u00e1tica);<\/li>\n<li>Estrutura e Rotinas em Servi\u00e7os de Alimenta\u00e7\u00e3o (Nutri\u00e7\u00e3o e Diet\u00e9tica);<\/li>\n<li>Higiene dos Alimentos (Nutri\u00e7\u00e3o e Diet\u00e9tica);<\/li>\n<li>Educa\u00e7\u00e3o Nutricional em Sa\u00fade P\u00fablica (Nutri\u00e7\u00e3o e Diet\u00e9tica);<\/li>\n<li>Planejamento Alimentar (Nutri\u00e7\u00e3o e Diet\u00e9tica);<\/li>\n<li>Administra\u00e7\u00e3o e Seguran\u00e7a no Servi\u00e7o de Alimenta\u00e7\u00e3o (Nutri\u00e7\u00e3o e Diet\u00e9tica);<\/li>\n<li>Diagn\u00f3stico da Alimenta\u00e7\u00e3o Humana (Nutri\u00e7\u00e3o e Diet\u00e9tica);<\/li>\n<li>Gest\u00e3o Profissional em Unidades de Alimenta\u00e7\u00e3o (Nutri\u00e7\u00e3o e Diet\u00e9tica);<\/li>\n<li>Gest\u00e3o Operacional em Servi\u00e7os de Alimenta\u00e7\u00e3o (Nutri\u00e7\u00e3o e Diet\u00e9tica);<\/li>\n<li>Estrutura e Rotinas em Servi\u00e7os de Alimenta\u00e7\u00e3o (Nutri\u00e7\u00e3o e Diet\u00e9tica Integrado ao Ensino M\u00e9dio);<\/li>\n<li>Educa\u00e7\u00e3o Nutricional em Sa\u00fade P\u00fablica (Nutri\u00e7\u00e3o e Diet\u00e9tica Integrado ao Ensino M\u00e9dio);<\/li>\n<li>Planejamento Alimentar (Nutri\u00e7\u00e3o e Diet\u00e9tica Integrado ao Ensino M\u00e9dio);<\/li>\n<li>Administra\u00e7\u00e3o e Seguran\u00e7a em Servi\u00e7os de Alimenta\u00e7\u00e3o (ETIM) (Nutri\u00e7\u00e3o e Diet\u00e9tica Integrado ao Ensino M\u00e9dio).<\/li>\n<\/ol>\n<p>Para maiores detalhes, veja o edital completo <span style=\"text-decoration: underline;\"><a href=\"http:\/\/cpssitevm.cloudapp.net\/dgsdad\/Selecao_ETEC\/PROCESSO%20SELETIVO\/238\/238-01-2016AVISODEABERTURA-PS.pdf\" target=\"_blank\" class=\"broken_link\">aqui<\/a><\/span>.<\/p>\n","protected":false},"excerpt":{"rendered":"<p>A ETEC Irm\u00e3 Agostina abriu Processo Seletivo para Professores. S\u00e3o 29 disciplinas de diversas \u00e1reas. As inscri\u00e7\u00f5es devem ser feitas na pr\u00f3pria unidade, de 11 \u00e0 25 de maio das 09h \u00e0s 12h e das 14h \u00e0s 18h. As disciplinas s\u00e3o as seguintes: Custos e Opera\u00e7\u00f5es Cont\u00e1beis (Administra\u00e7\u00e3o); Processos Operacionais Cont\u00e1beis (para a Habilita\u00e7\u00e3o Administra\u00e7\u00e3o)&nbsp;&hellip;<\/p>\n","protected":false},"author":1,"featured_media":0,"comment_status":"closed","ping_status":"open","sticky":false,"template":"","format":"standard","meta":[],"categories":[8,2],"tags":[],"_links":{"self":[{"href":"https:\/\/etecia.com.br\/index.php?rest_route=\/wp\/v2\/posts\/1350"}],"collection":[{"href":"https:\/\/etecia.com.br\/index.php?rest_route=\/wp\/v2\/posts"}],"about":[{"href":"https:\/\/etecia.com.br\/index.php?rest_route=\/wp\/v2\/types\/post"}],"author":[{"embeddable":true,"href":"https:\/\/etecia.com.br\/index.php?rest_route=\/wp\/v2\/users\/1"}],"replies":[{"embeddable":true,"href":"https:\/\/etecia.com.br\/index.php?rest_route=%2Fwp%2Fv2%2Fcomments&post=1350"}],"version-history":[{"count":0,"href":"https:\/\/etecia.com.br\/index.php?rest_route=\/wp\/v2\/posts\/1350\/revisions"}],"wp:attachment":[{"href":"https:\/\/etecia.com.br\/index.php?rest_route=%2Fwp%2Fv2%2Fmedia&parent=1350"}],"wp:term":[{"taxonomy":"category","embeddable":true,"href":"https:\/\/etecia.com.br\/index.php?rest_route=%2Fwp%2Fv2%2Fcategories&post=1350"},{"taxonomy":"post_tag","embeddable":true,"href":"https:\/\/etecia.com.br\/index.php?rest_route=%2Fwp%2Fv2%2Ftags&post=1350"}],"curies":[{"name":"wp","href":"https:\/\/api.w.org\/{rel}","templated":true}]}}