{"id":1313,"date":"2016-04-11T15:45:11","date_gmt":"2016-04-11T18:45:11","guid":{"rendered":"http:\/\/etecia.com.br\/portaletecia\/?p=1313"},"modified":"2016-04-11T15:45:11","modified_gmt":"2016-04-11T18:45:11","slug":"convocacao-para-provas-escritas-dos-concursos-publicos","status":"publish","type":"post","link":"https:\/\/etecia.com.br\/?p=1313","title":{"rendered":"Convoca\u00e7\u00e3o Para Provas Escritas dos Concursos P\u00fablicos"},"content":{"rendered":"<p>A Comiss\u00e3o Especial de Concurso P\u00fablico da ETEC Irm\u00e3 Agostina comunica aos candidatos abaixo relacionados o deferimento e indeferimento das inscri\u00e7\u00f5es e convoca para a Prova Escrita, a ser realizada na ETEC Irm\u00e3 Agostina, sita na Av. Feliciano Correia, s n\u00ba, S\u00e3o Paulo. Os candidatos convocados atender\u00e3o ao disposto no item 9 do Cap\u00edtulo X do Edital de Abertura de Inscri\u00e7\u00f5es.<\/p>\n<p>Clique nos links a seguir para verificar as inscri\u00e7\u00f5es deferidas e os dias e hor\u00e1rio das provas.<\/p>\n<p><a href=\"http:\/\/etecia.com.br\/portaletecia\/wp-content\/uploads\/2016\/04\/Aux-Docente-Edital-Ok-para-prova-escrita-.pdf\" target=\"_blank\"><span style=\"text-decoration: underline;\">Auxiliar Docente em Inform\u00e1tica<\/span><\/a><\/p>\n<p><a href=\"http:\/\/etecia.com.br\/portaletecia\/wp-content\/uploads\/2016\/04\/Edital-para-prova-escrita.conc-pu\u0301blico-238-02-16.pdf\" target=\"_blank\"><span style=\"text-decoration: underline;\">Metrologia Qu\u00edmica<\/span><\/a><\/p>\n<p><a href=\"http:\/\/etecia.com.br\/portaletecia\/wp-content\/uploads\/2016\/04\/Edital-para-prova-escrita.conc-pu\u0301blico-238-01-16.pdf\" target=\"_blank\"><span style=\"text-decoration: underline;\">An\u00e1lise dos Processos F\u00edsicos &#8211; Qu\u00edmicos II<\/span><\/a><\/p>\n","protected":false},"excerpt":{"rendered":"<p>A Comiss\u00e3o Especial de Concurso P\u00fablico da ETEC Irm\u00e3 Agostina comunica aos candidatos abaixo relacionados o deferimento e indeferimento das inscri\u00e7\u00f5es e convoca para a Prova Escrita, a ser realizada na ETEC Irm\u00e3 Agostina, sita na Av. Feliciano Correia, s n\u00ba, S\u00e3o Paulo. Os candidatos convocados atender\u00e3o ao disposto no item 9 do Cap\u00edtulo X&nbsp;&hellip;<\/p>\n","protected":false},"author":1,"featured_media":0,"comment_status":"closed","ping_status":"open","sticky":false,"template":"","format":"standard","meta":[],"categories":[8,2],"tags":[],"_links":{"self":[{"href":"https:\/\/etecia.com.br\/index.php?rest_route=\/wp\/v2\/posts\/1313"}],"collection":[{"href":"https:\/\/etecia.com.br\/index.php?rest_route=\/wp\/v2\/posts"}],"about":[{"href":"https:\/\/etecia.com.br\/index.php?rest_route=\/wp\/v2\/types\/post"}],"author":[{"embeddable":true,"href":"https:\/\/etecia.com.br\/index.php?rest_route=\/wp\/v2\/users\/1"}],"replies":[{"embeddable":true,"href":"https:\/\/etecia.com.br\/index.php?rest_route=%2Fwp%2Fv2%2Fcomments&post=1313"}],"version-history":[{"count":0,"href":"https:\/\/etecia.com.br\/index.php?rest_route=\/wp\/v2\/posts\/1313\/revisions"}],"wp:attachment":[{"href":"https:\/\/etecia.com.br\/index.php?rest_route=%2Fwp%2Fv2%2Fmedia&parent=1313"}],"wp:term":[{"taxonomy":"category","embeddable":true,"href":"https:\/\/etecia.com.br\/index.php?rest_route=%2Fwp%2Fv2%2Fcategories&post=1313"},{"taxonomy":"post_tag","embeddable":true,"href":"https:\/\/etecia.com.br\/index.php?rest_route=%2Fwp%2Fv2%2Ftags&post=1313"}],"curies":[{"name":"wp","href":"https:\/\/api.w.org\/{rel}","templated":true}]}}