{"id":1305,"date":"2016-03-29T17:45:56","date_gmt":"2016-03-29T20:45:56","guid":{"rendered":"http:\/\/etecia.com.br\/portaletecia\/?p=1305"},"modified":"2016-03-29T17:45:56","modified_gmt":"2016-03-29T20:45:56","slug":"visita-a-fabrica-da-coca-cola-em-jundiai","status":"publish","type":"post","link":"https:\/\/etecia.com.br\/?p=1305","title":{"rendered":"Visita \u00e0 Fabrica da Coca-Cola em Jundia\u00ed"},"content":{"rendered":"<p><a href=\"http:\/\/etecia.com.br\/portaletecia\/wp-content\/uploads\/2016\/03\/fotos-aereas-fabrica-da-coca-cola-jundiai-1.jpg\" class=\"broken_link\"><img loading=\"lazy\" class=\"alignleft size-medium wp-image-1306\" src=\"http:\/\/etecia.com.br\/portaletecia\/wp-content\/uploads\/2016\/03\/fotos-aereas-fabrica-da-coca-cola-jundiai-1-300x183.jpg\" alt=\"fotos-aereas-fabrica-da-coca-cola-jundiai-1\" width=\"300\" height=\"183\" \/><\/a>Nos dias 19 e 20 de abril os alunos da ETEC Irm\u00e3 Agostina ir\u00e3o realizar uma visita t\u00e9cnica \u00e0 f\u00e1brica da Coca-Cola em Jundia\u00ed.<\/p>\n<p>Durante a visita, com dura\u00e7\u00e3o de aproximadamente 1h30, os alunos receber\u00e3o informa\u00e7\u00f5es sobre a hist\u00f3ria e m\u00e9todo de fabrica\u00e7\u00e3o dos refrigerantes, al\u00e9m de participar de um <em>tour<\/em> pelas linhas de produ\u00e7\u00e3o da maior f\u00e1brica da coca-cola do mundo em volume de produ\u00e7\u00e3o. Para encerrar, haver\u00e1 uma divertida degusta\u00e7\u00e3o dos produtos.<\/p>\n<p>Abaixo, algumas orienta\u00e7\u00f5es importantes para quem ir\u00e1 participar da visita:<\/p>\n<ul>\n<li>A visita \u00e9 gratuita, com exce\u00e7\u00e3o do transporte.<\/li>\n<li>N\u00e3o \u00e9 permitido entrar com alimentos, produtos da concorr\u00eancia, drogas, materiais inflam\u00e1veis e equipamentos de grava\u00e7\u00e3o de \u00e1udio e v\u00eddeo.<\/li>\n<li>N\u00e3o \u00e9 permitida a entrada de pessoas vestindo shorts, minissaias, chinelos, bon\u00e9s e camisetas de times de futebol ou de produtos concorrentes. \u00c9 obrigat\u00f3rio o uso de sapatos fechados e baixos para a caminhada pelas linhas de produ\u00e7\u00e3o.<\/li>\n<li>N\u00e3o \u00e9 permitido o registro fotogr\u00e1fico da visita.<\/li>\n<li>O bom comportamento e disciplina dos alunos s\u00e3o indispens\u00e1veis para que possamos transitar pelas instala\u00e7\u00f5es.<\/li>\n<\/ul>\n<p>Em breve a coordena\u00e7\u00e3o do curso passar\u00e1 mais informa\u00e7\u00f5es sobre a visita.<\/p>\n","protected":false},"excerpt":{"rendered":"<p>Nos dias 19 e 20 de abril os alunos da ETEC Irm\u00e3 Agostina ir\u00e3o realizar uma visita t\u00e9cnica \u00e0 f\u00e1brica da Coca-Cola em Jundia\u00ed. Durante a visita, com dura\u00e7\u00e3o de aproximadamente 1h30, os alunos receber\u00e3o informa\u00e7\u00f5es sobre a hist\u00f3ria e m\u00e9todo de fabrica\u00e7\u00e3o dos refrigerantes, al\u00e9m de participar de um tour pelas linhas de produ\u00e7\u00e3o&nbsp;&hellip;<\/p>\n","protected":false},"author":1,"featured_media":0,"comment_status":"closed","ping_status":"open","sticky":false,"template":"","format":"standard","meta":[],"categories":[2,5],"tags":[],"_links":{"self":[{"href":"https:\/\/etecia.com.br\/index.php?rest_route=\/wp\/v2\/posts\/1305"}],"collection":[{"href":"https:\/\/etecia.com.br\/index.php?rest_route=\/wp\/v2\/posts"}],"about":[{"href":"https:\/\/etecia.com.br\/index.php?rest_route=\/wp\/v2\/types\/post"}],"author":[{"embeddable":true,"href":"https:\/\/etecia.com.br\/index.php?rest_route=\/wp\/v2\/users\/1"}],"replies":[{"embeddable":true,"href":"https:\/\/etecia.com.br\/index.php?rest_route=%2Fwp%2Fv2%2Fcomments&post=1305"}],"version-history":[{"count":0,"href":"https:\/\/etecia.com.br\/index.php?rest_route=\/wp\/v2\/posts\/1305\/revisions"}],"wp:attachment":[{"href":"https:\/\/etecia.com.br\/index.php?rest_route=%2Fwp%2Fv2%2Fmedia&parent=1305"}],"wp:term":[{"taxonomy":"category","embeddable":true,"href":"https:\/\/etecia.com.br\/index.php?rest_route=%2Fwp%2Fv2%2Fcategories&post=1305"},{"taxonomy":"post_tag","embeddable":true,"href":"https:\/\/etecia.com.br\/index.php?rest_route=%2Fwp%2Fv2%2Ftags&post=1305"}],"curies":[{"name":"wp","href":"https:\/\/api.w.org\/{rel}","templated":true}]}}