{"id":1295,"date":"2016-03-10T14:44:32","date_gmt":"2016-03-10T17:44:32","guid":{"rendered":"http:\/\/etecia.com.br\/portaletecia\/?p=1295"},"modified":"2016-03-10T14:44:32","modified_gmt":"2016-03-10T17:44:32","slug":"vestibulinho-2o-semestre-de-2016","status":"publish","type":"post","link":"https:\/\/etecia.com.br\/?p=1295","title":{"rendered":"Vestibulinho 2o Semestre de 2016"},"content":{"rendered":"<p>&nbsp;<\/p>\n<p>&nbsp;<\/p>\n<p>&nbsp;<\/p>\n<p>&nbsp;<\/p>\n<p style=\"color: #7c7c7c;\"><strong>Calend\u00e1rio &#8211; Vestibulinho das Etecs &#8211; 2\u00ba semestre de 2016<\/strong><\/p>\n<p>&nbsp;<\/p>\n<p style=\"color: #7c7c7c;\"><strong>13 de abril a 11 de maio<\/strong>\u00a0\u2013 Inscri\u00e7\u00e3o para o Vestibulinho das Etecs. No \u00faltimo dia a inscri\u00e7\u00e3o termina \u00e0s 15 horas<br \/>\n<strong>14 de junho\u00a0<\/strong>\u2013 Divulga\u00e7\u00e3o dos locais de exame do Vestibulinho<br \/>\n<strong>19 de junho<\/strong>\u00a0\u2013 Exame do Vestibulinho ser\u00e1 \u00e0s 13h30. Gabarito oficial ser\u00e1 divulgado a partir das 18 horas<br \/>\n<strong>20 de junho<\/strong>\u00a0\u2013 Divulga\u00e7\u00e3o do gabarito oficial para acesso as vagas remanescentes de 2\u00ba m\u00f3dulo a partir das 14 horas<br \/>\n<strong>21 de junho<\/strong>\u00a0\u2013 Divulga\u00e7\u00e3o do gabarito oficial dos cursos de especializa\u00e7\u00e3o ser\u00e1 somente nas Etecs a partir das 14 horas<br \/>\n<strong>6 de julho\u00a0<\/strong>\u2013 Divulga\u00e7\u00e3o da lista de convoca\u00e7\u00e3o dos candidatos inscritos nos cursos t\u00e9cnicos com prova de aptid\u00e3o<br \/>\n<strong>12 de julho\u00a0<\/strong>\u2013 Divulga\u00e7\u00e3o da lista de classifica\u00e7\u00e3o geral do Vestibulinho para os demais cursos<\/p>\n<p><strong>Listas de Convoca\u00e7\u00e3o e Matr\u00edculas: divulga\u00e7\u00e3o somente nas Etecs:<\/strong><\/p>\n<p><strong>13 a 15 de julho\u00a0<\/strong>\u00a0\u2013 Primeira lista de convoca\u00e7\u00e3o do Vestibulinho e matr\u00edcula<br \/>\n<strong>18 a 20 de julho\u00a0<\/strong>\u2013 Segunda lista de convoca\u00e7\u00e3o do Vestibulinho e matr\u00edcula<br \/>\n<strong>21 de julho\u00a0<\/strong>\u2013 Terceira lista de convoca\u00e7\u00e3o do Vestibulinho e matr\u00edcula<\/p>\n<p>&nbsp;<\/p>\n<p style=\"color: #7c7c7c;\">Outras informa\u00e7\u00f5es pelos telefones (11) 3471-4071 (Capital e Grande S\u00e3o Paulo) e 0800-772 2829 (demais localidades) e pelo site\u00a0<strong><a style=\"font-weight: bold; color: #7c7c7c;\" href=\"http:\/\/www.vestibulinhoetec.com.br\/\" target=\"_blank\" class=\"broken_link\">www.vestibulinhoetec.com.br<\/a><\/strong>.<\/p>\n<p><a style=\"font-style: normal; font-weight: normal;\" href=\"http:\/\/etecia.com.br\/portaletecia\/wp-content\/uploads\/2016\/03\/vestibulinho-2016-2sem.jpg\" class=\"broken_link\"><img loading=\"lazy\" class=\"alignleft wp-image-1296 size-full\" src=\"http:\/\/etecia.com.br\/portaletecia\/wp-content\/uploads\/2016\/03\/vestibulinho-2016-2sem.jpg\" alt=\"vestibulinho-2016-2sem\" width=\"617\" height=\"872\" \/><\/a><\/p>\n","protected":false},"excerpt":{"rendered":"<p>&nbsp; &nbsp; &nbsp; &nbsp; Calend\u00e1rio &#8211; Vestibulinho das Etecs &#8211; 2\u00ba semestre de 2016 &nbsp; 13 de abril a 11 de maio\u00a0\u2013 Inscri\u00e7\u00e3o para o Vestibulinho das Etecs. No \u00faltimo dia a inscri\u00e7\u00e3o termina \u00e0s 15 horas 14 de junho\u00a0\u2013 Divulga\u00e7\u00e3o dos locais de exame do Vestibulinho 19 de junho\u00a0\u2013 Exame do Vestibulinho ser\u00e1 \u00e0s&nbsp;&hellip;<\/p>\n","protected":false},"author":1,"featured_media":0,"comment_status":"closed","ping_status":"open","sticky":false,"template":"","format":"standard","meta":[],"categories":[2],"tags":[],"_links":{"self":[{"href":"https:\/\/etecia.com.br\/index.php?rest_route=\/wp\/v2\/posts\/1295"}],"collection":[{"href":"https:\/\/etecia.com.br\/index.php?rest_route=\/wp\/v2\/posts"}],"about":[{"href":"https:\/\/etecia.com.br\/index.php?rest_route=\/wp\/v2\/types\/post"}],"author":[{"embeddable":true,"href":"https:\/\/etecia.com.br\/index.php?rest_route=\/wp\/v2\/users\/1"}],"replies":[{"embeddable":true,"href":"https:\/\/etecia.com.br\/index.php?rest_route=%2Fwp%2Fv2%2Fcomments&post=1295"}],"version-history":[{"count":0,"href":"https:\/\/etecia.com.br\/index.php?rest_route=\/wp\/v2\/posts\/1295\/revisions"}],"wp:attachment":[{"href":"https:\/\/etecia.com.br\/index.php?rest_route=%2Fwp%2Fv2%2Fmedia&parent=1295"}],"wp:term":[{"taxonomy":"category","embeddable":true,"href":"https:\/\/etecia.com.br\/index.php?rest_route=%2Fwp%2Fv2%2Fcategories&post=1295"},{"taxonomy":"post_tag","embeddable":true,"href":"https:\/\/etecia.com.br\/index.php?rest_route=%2Fwp%2Fv2%2Ftags&post=1295"}],"curies":[{"name":"wp","href":"https:\/\/api.w.org\/{rel}","templated":true}]}}