{"id":1283,"date":"2016-03-07T15:08:35","date_gmt":"2016-03-07T18:08:35","guid":{"rendered":"http:\/\/etecia.com.br\/portaletecia\/?p=1283"},"modified":"2016-03-07T15:08:35","modified_gmt":"2016-03-07T18:08:35","slug":"convocacao-de-alunos-faltosos","status":"publish","type":"post","link":"https:\/\/etecia.com.br\/?p=1283","title":{"rendered":"Convoca\u00e7\u00e3o de Alunos Faltosos"},"content":{"rendered":"<p>&nbsp;<\/p>\n<p>&nbsp;<\/p>\n<h2>CONVOCA\u00c7\u00c3O<\/h2>\n<p>&nbsp;<\/p>\n<p>&nbsp;<\/p>\n<p>O Diretor da Escola T\u00e9cnica Estadual Irm\u00e3 Agostina, no uso de suas atribui\u00e7\u00f5es, <strong>CONVOCA<\/strong> os alunos abaixo relacionados para justificarem por escrito, no prazo de 05 (cinco) dias \u00fateis, a contar da data de publica\u00e7\u00e3o da presente convoca\u00e7\u00e3o, a aus\u00eancia \u00e0s aulas por mais de 15 (quinze) dias consecutivos.<\/p>\n<p>A falta de justificativa implicar\u00e1 na perda do direito \u00e0 vaga, conforme disp\u00f5e o <em>\u00a7 2\u00ba do Artigo 57 do Regimento Comum das Etecs do CEETEPS<\/em>.<\/p>\n<p>&nbsp;<\/p>\n<table width=\"696\">\n<tbody>\n<tr>\n<td width=\"77\"><strong>RM<\/strong><\/td>\n<td width=\"290\"><strong>Nome do Aluno<\/strong><\/td>\n<td width=\"168\"><strong>Curso<\/strong><\/td>\n<td width=\"85\"><strong>S\u00e9rie\/M\u00f3d.<\/strong><\/td>\n<td width=\"76\"><strong>Per\u00edodo<\/strong><\/td>\n<\/tr>\n<tr>\n<td width=\"77\">16072<\/td>\n<td width=\"290\">Ademar Gomes Pedroso<\/td>\n<td width=\"168\">T\u00e9c. Inform\u00e1tica<\/td>\n<td width=\"85\">1H<\/td>\n<td width=\"76\">Noite<\/td>\n<\/tr>\n<tr>\n<td width=\"77\">42895<\/td>\n<td width=\"290\">Iasmin Jurema Marinho Rocatto<\/td>\n<td width=\"168\">T\u00e9c. Inform\u00e1tica<\/td>\n<td width=\"85\">2H<\/td>\n<td width=\"76\">Noite<\/td>\n<\/tr>\n<tr>\n<td width=\"77\">42968<\/td>\n<td width=\"290\">Victor Hugo Godoy Brito<\/td>\n<td width=\"168\">T\u00e9c. Inform\u00e1tica<\/td>\n<td width=\"85\">2H<\/td>\n<td width=\"76\">Noite<\/td>\n<\/tr>\n<tr>\n<td width=\"77\">42548<\/td>\n<td width=\"290\">Rafael Santos Rosa<\/td>\n<td width=\"168\">T\u00e9c. Inform\u00e1tica<\/td>\n<td width=\"85\">3H<\/td>\n<td width=\"76\">Noite<\/td>\n<\/tr>\n<tr>\n<td width=\"77\">42894<\/td>\n<td width=\"290\">Aline Pereira de Quadros<\/td>\n<td width=\"168\">T\u00e9c. Administra\u00e7\u00e3o<\/td>\n<td width=\"85\">2L<\/td>\n<td width=\"76\">Noite<\/td>\n<\/tr>\n<tr>\n<td width=\"77\">42935<\/td>\n<td width=\"290\">Phellipe Lucas Barbosa dos Santos<\/td>\n<td width=\"168\">T\u00e9c. Administra\u00e7\u00e3o<\/td>\n<td width=\"85\">2L<\/td>\n<td width=\"76\">Noite<\/td>\n<\/tr>\n<tr>\n<td width=\"77\">42972<\/td>\n<td width=\"290\">Vanda Pereira de Sousa<\/td>\n<td width=\"168\">T\u00e9c. Administra\u00e7\u00e3o<\/td>\n<td width=\"85\">2L<\/td>\n<td width=\"76\">Noite<\/td>\n<\/tr>\n<tr>\n<td width=\"77\">42700<\/td>\n<td width=\"290\">Augusto Felipe Alves Garcia<\/td>\n<td width=\"168\">T\u00e9c. Qu\u00edmica<\/td>\n<td width=\"85\">2J<\/td>\n<td width=\"76\">Noite<\/td>\n<\/tr>\n<tr>\n<td width=\"77\">42951<\/td>\n<td width=\"290\">Giovanna Alencar Santos<\/td>\n<td width=\"168\">T\u00e9c. Qu\u00edmica<\/td>\n<td width=\"85\">2J<\/td>\n<td width=\"76\">Noite<\/td>\n<\/tr>\n<tr>\n<td width=\"77\">42888<\/td>\n<td width=\"290\">Rosangela de Almeida Rocha<\/td>\n<td width=\"168\">T\u00e9c. Qu\u00edmica<\/td>\n<td width=\"85\">2J<\/td>\n<td width=\"76\">Noite<\/td>\n<\/tr>\n<tr>\n<td width=\"77\">42439<\/td>\n<td width=\"290\">Marcos Roberto da Silva<\/td>\n<td width=\"168\">T\u00e9c. Qu\u00edmica<\/td>\n<td width=\"85\">3J<\/td>\n<td width=\"76\">Noite<\/td>\n<\/tr>\n<tr>\n<td width=\"77\">41368<\/td>\n<td width=\"290\">Leila Aparecida Mariano Borges<\/td>\n<td width=\"168\">T\u00e9c. Qu\u00edmica<\/td>\n<td width=\"85\">4J<\/td>\n<td width=\"76\">Noite<\/td>\n<\/tr>\n<tr>\n<td width=\"77\">42864<\/td>\n<td width=\"290\">Monique Ingrid da Silva Rocha Moura<\/td>\n<td width=\"168\">T\u00e9c. Nutri\u00e7\u00e3o<\/td>\n<td width=\"85\">2N<\/td>\n<td width=\"76\">Noite<\/td>\n<\/tr>\n<tr>\n<td width=\"77\">42907<\/td>\n<td width=\"290\">Rami Amanda Padua Melo<\/td>\n<td width=\"168\">T\u00e9c. Nutri\u00e7\u00e3o<\/td>\n<td width=\"85\">2N<\/td>\n<td width=\"76\">Noite<\/td>\n<\/tr>\n<tr>\n<td width=\"77\">41313<\/td>\n<td width=\"290\">Bruno Gomes da Silva<\/td>\n<td width=\"168\">T\u00e9c. Nutri\u00e7\u00e3o<\/td>\n<td width=\"85\">3N<\/td>\n<td width=\"76\">Noite<\/td>\n<\/tr>\n<tr>\n<td width=\"77\">42503<\/td>\n<td width=\"290\">Doralice Maria Beserra<\/td>\n<td width=\"168\">T\u00e9c. Nutri\u00e7\u00e3o<\/td>\n<td width=\"85\">3N<\/td>\n<td width=\"76\">Noite<\/td>\n<\/tr>\n<tr>\n<td width=\"77\">42288<\/td>\n<td width=\"290\">Janaina dos Santos Borges<\/td>\n<td width=\"168\">T\u00e9c. Nutri\u00e7\u00e3o<\/td>\n<td width=\"85\">3N<\/td>\n<td width=\"76\">Noite<\/td>\n<\/tr>\n<tr>\n<td width=\"77\">42370<\/td>\n<td width=\"290\">Thais Bispo Silva<\/td>\n<td width=\"168\">T\u00e9c. Nutri\u00e7\u00e3o<\/td>\n<td width=\"85\">3N<\/td>\n<td width=\"76\">Noite<\/td>\n<\/tr>\n<\/tbody>\n<\/table>\n<p>&nbsp;<\/p>\n<p>&nbsp;<\/p>\n<p>&nbsp;<\/p>\n<p>S\u00e3o Paulo, 07 de Mar\u00e7o de 2016.<\/p>\n","protected":false},"excerpt":{"rendered":"<p>&nbsp; &nbsp; CONVOCA\u00c7\u00c3O &nbsp; &nbsp; O Diretor da Escola T\u00e9cnica Estadual Irm\u00e3 Agostina, no uso de suas atribui\u00e7\u00f5es, CONVOCA os alunos abaixo relacionados para justificarem por escrito, no prazo de 05 (cinco) dias \u00fateis, a contar da data de publica\u00e7\u00e3o da presente convoca\u00e7\u00e3o, a aus\u00eancia \u00e0s aulas por mais de 15 (quinze) dias consecutivos. A&nbsp;&hellip;<\/p>\n","protected":false},"author":1,"featured_media":0,"comment_status":"closed","ping_status":"open","sticky":false,"template":"","format":"standard","meta":[],"categories":[2],"tags":[],"_links":{"self":[{"href":"https:\/\/etecia.com.br\/index.php?rest_route=\/wp\/v2\/posts\/1283"}],"collection":[{"href":"https:\/\/etecia.com.br\/index.php?rest_route=\/wp\/v2\/posts"}],"about":[{"href":"https:\/\/etecia.com.br\/index.php?rest_route=\/wp\/v2\/types\/post"}],"author":[{"embeddable":true,"href":"https:\/\/etecia.com.br\/index.php?rest_route=\/wp\/v2\/users\/1"}],"replies":[{"embeddable":true,"href":"https:\/\/etecia.com.br\/index.php?rest_route=%2Fwp%2Fv2%2Fcomments&post=1283"}],"version-history":[{"count":0,"href":"https:\/\/etecia.com.br\/index.php?rest_route=\/wp\/v2\/posts\/1283\/revisions"}],"wp:attachment":[{"href":"https:\/\/etecia.com.br\/index.php?rest_route=%2Fwp%2Fv2%2Fmedia&parent=1283"}],"wp:term":[{"taxonomy":"category","embeddable":true,"href":"https:\/\/etecia.com.br\/index.php?rest_route=%2Fwp%2Fv2%2Fcategories&post=1283"},{"taxonomy":"post_tag","embeddable":true,"href":"https:\/\/etecia.com.br\/index.php?rest_route=%2Fwp%2Fv2%2Ftags&post=1283"}],"curies":[{"name":"wp","href":"https:\/\/api.w.org\/{rel}","templated":true}]}}