{"id":1266,"date":"2016-02-19T10:00:42","date_gmt":"2016-02-19T13:00:42","guid":{"rendered":"http:\/\/etecia.com.br\/portaletecia\/?p=1266"},"modified":"2016-02-19T10:00:42","modified_gmt":"2016-02-19T13:00:42","slug":"colacao-de-grau-formandos-2015-2o-semestre","status":"publish","type":"post","link":"https:\/\/etecia.com.br\/?p=1266","title":{"rendered":"Cola\u00e7\u00e3o de Grau &#8211; Formandos 2015 2o Semestre"},"content":{"rendered":"<p><span style=\"font-weight: normal; color: #141823;\"><a href=\"http:\/\/etecia.com.br\/portaletecia\/wp-content\/uploads\/2016\/02\/Convite.jpg\" class=\"broken_link\"><img loading=\"lazy\" class=\"alignleft size-medium wp-image-1267\" src=\"http:\/\/etecia.com.br\/portaletecia\/wp-content\/uploads\/2016\/02\/Convite-300x225.jpg\" alt=\"Convite\" width=\"300\" height=\"225\" \/><\/a>A cola\u00e7\u00e3o de grau dos formandos de 2015 segundo semestre est\u00e1 confirmada para os dias 04 e 05 de mar\u00e7o de 2016. Sendo:<\/span><\/p>\n<ul>\n<li><span style=\"color: rgb(20, 24, 35);\">Dia 04 Ensino T\u00e9cnico \u00e1s 19:00;<\/span><\/li>\n<li><span style=\"color: rgb(20, 24, 35);\">Dia 05 Ensino M\u00e9dio e Ensino T\u00e9cnico Integrado \u00e1s 18:00.<\/span><\/li>\n<\/ul>\n<p><span style=\"font-weight: normal; color: #141823;\">Os convites dever\u00e3o ser retirados na secretaria da ETECIA\u00a0a partir do dia 19\/02 nos seguintes hor\u00e1rios:<\/span><span class=\"text_exposed_show\" style=\"font-weight: normal; color: #141823;\"><br \/>\n<\/span><\/p>\n<ul>\n<li><span style=\"color: rgb(20, 24, 35);\">manh\u00e3 9:30 \u00e1s 12:00<\/span><\/li>\n<li><span style=\"color: rgb(20, 24, 35);\">tarde 15:00 \u00e1s 21:00 (hor\u00e1rio da Secretaria).<\/span><\/li>\n<\/ul>\n<p><span class=\"text_exposed_show\" style=\"font-weight: normal; color: #141823;\">Cada aluno tem direito a 04 convites, caso precise de mais pode comprar cada um pelo valor de R$15,00, lembrando que crian\u00e7as a partir de 03 anos s\u00e3o pagantes.<br \/>\nQualquer pessoa pode retirar os convites caso o formando esteja impossibilitado, POR\u00c9M ALUNO N\u00c3O RETIRA DE OUTRO ALUNO.<br \/>\nOBS: Pedimos a gentileza de reiterar junto aos convidados que N\u00c3O SER\u00c1 PERMITIDO fotos e filmagens durante o evento.<\/span><\/p>\n","protected":false},"excerpt":{"rendered":"<p>A cola\u00e7\u00e3o de grau dos formandos de 2015 segundo semestre est\u00e1 confirmada para os dias 04 e 05 de mar\u00e7o de 2016. Sendo: Dia 04 Ensino T\u00e9cnico \u00e1s 19:00; Dia 05 Ensino M\u00e9dio e Ensino T\u00e9cnico Integrado \u00e1s 18:00. Os convites dever\u00e3o ser retirados na secretaria da ETECIA\u00a0a partir do dia 19\/02 nos seguintes hor\u00e1rios:&nbsp;&hellip;<\/p>\n","protected":false},"author":1,"featured_media":0,"comment_status":"closed","ping_status":"open","sticky":false,"template":"","format":"standard","meta":[],"categories":[2],"tags":[],"_links":{"self":[{"href":"https:\/\/etecia.com.br\/index.php?rest_route=\/wp\/v2\/posts\/1266"}],"collection":[{"href":"https:\/\/etecia.com.br\/index.php?rest_route=\/wp\/v2\/posts"}],"about":[{"href":"https:\/\/etecia.com.br\/index.php?rest_route=\/wp\/v2\/types\/post"}],"author":[{"embeddable":true,"href":"https:\/\/etecia.com.br\/index.php?rest_route=\/wp\/v2\/users\/1"}],"replies":[{"embeddable":true,"href":"https:\/\/etecia.com.br\/index.php?rest_route=%2Fwp%2Fv2%2Fcomments&post=1266"}],"version-history":[{"count":0,"href":"https:\/\/etecia.com.br\/index.php?rest_route=\/wp\/v2\/posts\/1266\/revisions"}],"wp:attachment":[{"href":"https:\/\/etecia.com.br\/index.php?rest_route=%2Fwp%2Fv2%2Fmedia&parent=1266"}],"wp:term":[{"taxonomy":"category","embeddable":true,"href":"https:\/\/etecia.com.br\/index.php?rest_route=%2Fwp%2Fv2%2Fcategories&post=1266"},{"taxonomy":"post_tag","embeddable":true,"href":"https:\/\/etecia.com.br\/index.php?rest_route=%2Fwp%2Fv2%2Ftags&post=1266"}],"curies":[{"name":"wp","href":"https:\/\/api.w.org\/{rel}","templated":true}]}}