{"id":1246,"date":"2016-02-11T16:32:08","date_gmt":"2016-02-11T19:32:08","guid":{"rendered":"http:\/\/etecia.com.br\/portaletecia\/?p=1246"},"modified":"2016-02-11T16:32:08","modified_gmt":"2016-02-11T19:32:08","slug":"reuniao-pedagogica","status":"publish","type":"post","link":"https:\/\/etecia.com.br\/?p=1246","title":{"rendered":"Reuni\u00e3o Pedag\u00f3gica"},"content":{"rendered":"<p><a href=\"http:\/\/etecia.com.br\/portaletecia\/wp-content\/uploads\/2016\/02\/ReuniaoPedagogica.jpg\" class=\"broken_link\"><img loading=\"lazy\" class=\"alignleft size-medium wp-image-1247\" src=\"http:\/\/etecia.com.br\/portaletecia\/wp-content\/uploads\/2016\/02\/ReuniaoPedagogica-300x225.jpg\" alt=\"ReuniaoPedagogica\" width=\"300\" height=\"225\" \/><\/a>Durante essa semana os professores, coordenadores e diretores est\u00e3o reunidos para discutir e planejar as a\u00e7\u00f5es desse ano.<\/p>\n<p>No dia 10 de fevereiro, aconteceu a reuni\u00e3o pedag\u00f3gica com os professores de todos os cursos. Nessa reuni\u00e3o foram tratados temas diversos ligados \u00e0s pr\u00e1ticas dos professores e como podemos melhorar nosso trabalho a fim de formar alunos melhores.<\/p>\n<p>Os dias 11 e 12 de fevereiro s\u00e3o dedicados \u00e0s reuni\u00f5es de planejamento, onde os coordenadores de \u00e1rea discutem junto ao corpo docente os projetos interdisciplinares que ser\u00e3o realizados durante o per\u00edodo letivo que se inicia. Tamb\u00e9m s\u00e3o tratados temas como visitas t\u00e9cnicas e exposi\u00e7\u00f5es. Esse tamb\u00e9m \u00e9 um momento para os professores prepararem o Plano de Trabalho Docente que ir\u00e1 guiar as atividade de cada componente curricular do m\u00f3dulo atual.<\/p>\n<p>As aulas voltam ent\u00e3o na segunda-feira (15 de fevereiro).<\/p>\n","protected":false},"excerpt":{"rendered":"<p>Durante essa semana os professores, coordenadores e diretores est\u00e3o reunidos para discutir e planejar as a\u00e7\u00f5es desse ano. No dia 10 de fevereiro, aconteceu a reuni\u00e3o pedag\u00f3gica com os professores de todos os cursos. Nessa reuni\u00e3o foram tratados temas diversos ligados \u00e0s pr\u00e1ticas dos professores e como podemos melhorar nosso trabalho a fim de formar&nbsp;&hellip;<\/p>\n","protected":false},"author":1,"featured_media":1247,"comment_status":"closed","ping_status":"open","sticky":false,"template":"","format":"standard","meta":[],"categories":[2],"tags":[],"_links":{"self":[{"href":"https:\/\/etecia.com.br\/index.php?rest_route=\/wp\/v2\/posts\/1246"}],"collection":[{"href":"https:\/\/etecia.com.br\/index.php?rest_route=\/wp\/v2\/posts"}],"about":[{"href":"https:\/\/etecia.com.br\/index.php?rest_route=\/wp\/v2\/types\/post"}],"author":[{"embeddable":true,"href":"https:\/\/etecia.com.br\/index.php?rest_route=\/wp\/v2\/users\/1"}],"replies":[{"embeddable":true,"href":"https:\/\/etecia.com.br\/index.php?rest_route=%2Fwp%2Fv2%2Fcomments&post=1246"}],"version-history":[{"count":0,"href":"https:\/\/etecia.com.br\/index.php?rest_route=\/wp\/v2\/posts\/1246\/revisions"}],"wp:featuredmedia":[{"embeddable":true,"href":"https:\/\/etecia.com.br\/index.php?rest_route=\/wp\/v2\/media\/1247"}],"wp:attachment":[{"href":"https:\/\/etecia.com.br\/index.php?rest_route=%2Fwp%2Fv2%2Fmedia&parent=1246"}],"wp:term":[{"taxonomy":"category","embeddable":true,"href":"https:\/\/etecia.com.br\/index.php?rest_route=%2Fwp%2Fv2%2Fcategories&post=1246"},{"taxonomy":"post_tag","embeddable":true,"href":"https:\/\/etecia.com.br\/index.php?rest_route=%2Fwp%2Fv2%2Ftags&post=1246"}],"curies":[{"name":"wp","href":"https:\/\/api.w.org\/{rel}","templated":true}]}}