{"id":1144,"date":"2015-12-07T10:19:12","date_gmt":"2015-12-07T13:19:12","guid":{"rendered":"http:\/\/etecia.com.br\/portaletecia\/?p=1144"},"modified":"2015-12-07T10:19:12","modified_gmt":"2015-12-07T13:19:12","slug":"feira-dos-tccs-de-nutricao","status":"publish","type":"post","link":"https:\/\/etecia.com.br\/?p=1144","title":{"rendered":"Feira dos TCCs de Nutri\u00e7\u00e3o"},"content":{"rendered":"<p>No dia 30\/11\/2015, os alunos do 3\u00b0 m\u00f3dulo do Curso T\u00e9cnico em Nutri\u00e7\u00e3o e Diet\u00e9tica apresentaram os Trabalhos de Conclus\u00e3o de Curso (TCC) no formato de feira de exposi\u00e7\u00e3o. Este evento permitiu a divulga\u00e7\u00e3o dos trabalhos na \u00e1rea de nutri\u00e7\u00e3o, para a comunidade escolar da ETEC Irm\u00e3 Agostina, bem como familiares e amigos, de forma din\u00e2mica e educativa.<\/p>\n<p><a href=\"http:\/\/etecia.com.br\/portaletecia\/wp-content\/uploads\/2015\/12\/Untitled4.png\" class=\"broken_link\"><img loading=\"lazy\" class=\"alignleft size-full wp-image-1148\" src=\"http:\/\/etecia.com.br\/portaletecia\/wp-content\/uploads\/2015\/12\/Untitled4.png\" alt=\"Untitled4\" width=\"886\" height=\"499\" \/><\/a> <a href=\"http:\/\/etecia.com.br\/portaletecia\/wp-content\/uploads\/2015\/12\/Untitled3.png\" class=\"broken_link\"><img loading=\"lazy\" class=\"alignleft size-full wp-image-1147\" src=\"http:\/\/etecia.com.br\/portaletecia\/wp-content\/uploads\/2015\/12\/Untitled3.png\" alt=\"Untitled3\" width=\"886\" height=\"499\" \/><\/a> <a href=\"http:\/\/etecia.com.br\/portaletecia\/wp-content\/uploads\/2015\/12\/Untitled2.png\" class=\"broken_link\"><img loading=\"lazy\" class=\"alignleft size-full wp-image-1146\" src=\"http:\/\/etecia.com.br\/portaletecia\/wp-content\/uploads\/2015\/12\/Untitled2.png\" alt=\"Untitled2\" width=\"886\" height=\"499\" \/><\/a> <a href=\"http:\/\/etecia.com.br\/portaletecia\/wp-content\/uploads\/2015\/12\/Untitled.png\" class=\"broken_link\"><img loading=\"lazy\" class=\"alignleft size-full wp-image-1145\" src=\"http:\/\/etecia.com.br\/portaletecia\/wp-content\/uploads\/2015\/12\/Untitled.png\" alt=\"Untitled\" width=\"886\" height=\"499\" \/><\/a> <a href=\"http:\/\/etecia.com.br\/portaletecia\/wp-content\/uploads\/2015\/12\/Untitled5.png\" class=\"broken_link\"><img loading=\"lazy\" class=\"alignleft size-full wp-image-1149\" src=\"http:\/\/etecia.com.br\/portaletecia\/wp-content\/uploads\/2015\/12\/Untitled5.png\" alt=\"Untitled5\" width=\"886\" height=\"488\" \/><\/a><\/p>\n<p>&nbsp;<\/p>\n","protected":false},"excerpt":{"rendered":"<p>No dia 30\/11\/2015, os alunos do 3\u00b0 m\u00f3dulo do Curso T\u00e9cnico em Nutri\u00e7\u00e3o e Diet\u00e9tica apresentaram os Trabalhos de Conclus\u00e3o de Curso (TCC) no formato de feira de exposi\u00e7\u00e3o. Este evento permitiu a divulga\u00e7\u00e3o dos trabalhos na \u00e1rea de nutri\u00e7\u00e3o, para a comunidade escolar da ETEC Irm\u00e3 Agostina, bem como familiares e amigos, de forma&nbsp;&hellip;<\/p>\n","protected":false},"author":1,"featured_media":0,"comment_status":"closed","ping_status":"open","sticky":false,"template":"","format":"standard","meta":[],"categories":[2],"tags":[],"_links":{"self":[{"href":"https:\/\/etecia.com.br\/index.php?rest_route=\/wp\/v2\/posts\/1144"}],"collection":[{"href":"https:\/\/etecia.com.br\/index.php?rest_route=\/wp\/v2\/posts"}],"about":[{"href":"https:\/\/etecia.com.br\/index.php?rest_route=\/wp\/v2\/types\/post"}],"author":[{"embeddable":true,"href":"https:\/\/etecia.com.br\/index.php?rest_route=\/wp\/v2\/users\/1"}],"replies":[{"embeddable":true,"href":"https:\/\/etecia.com.br\/index.php?rest_route=%2Fwp%2Fv2%2Fcomments&post=1144"}],"version-history":[{"count":0,"href":"https:\/\/etecia.com.br\/index.php?rest_route=\/wp\/v2\/posts\/1144\/revisions"}],"wp:attachment":[{"href":"https:\/\/etecia.com.br\/index.php?rest_route=%2Fwp%2Fv2%2Fmedia&parent=1144"}],"wp:term":[{"taxonomy":"category","embeddable":true,"href":"https:\/\/etecia.com.br\/index.php?rest_route=%2Fwp%2Fv2%2Fcategories&post=1144"},{"taxonomy":"post_tag","embeddable":true,"href":"https:\/\/etecia.com.br\/index.php?rest_route=%2Fwp%2Fv2%2Ftags&post=1144"}],"curies":[{"name":"wp","href":"https:\/\/api.w.org\/{rel}","templated":true}]}}