{"id":1116,"date":"2015-10-21T13:46:22","date_gmt":"2015-10-21T16:46:22","guid":{"rendered":"http:\/\/etecia.com.br\/portaletecia\/?p=1116"},"modified":"2015-10-21T13:46:22","modified_gmt":"2015-10-21T16:46:22","slug":"projeto-docetec","status":"publish","type":"post","link":"https:\/\/etecia.com.br\/?p=1116","title":{"rendered":"Projeto DocETEC"},"content":{"rendered":"<div style=\"color: #000000;\"><img loading=\"lazy\" class=\"alignleft size-full wp-image-1117\" src=\"http:\/\/etecia.com.br\/portaletecia\/wp-content\/uploads\/2015\/10\/docetecgif.gif\" alt=\"docetecgif\" width=\"1280\" height=\"853\" \/><\/div>\n<div style=\"color: #000000;\"><\/div>\n<div style=\"color: #000000;\">Essa semana teve in\u00edcio o projeto DocETEC. Este projeto tem por finalidade apresentar o formato document\u00e1rio aos alunos e fazer com que os mesmos criem repert\u00f3rio e tomem posicionamento sobre temas importantes.<\/div>\n<div style=\"color: #000000;\">Ser\u00e3o\u00a06 semanas, sempre \u00e0s ter\u00e7as, \u00e0s 12h30, e quando o document\u00e1rio exceder os 60 minutos, a proje\u00e7\u00e3o continuar\u00e1 no dia seguinte.<\/div>\n<div style=\"color: #000000;\">A seguir o cronograma do projeto.<\/div>\n<div style=\"color: #000000;\"><\/div>\n<div style=\"color: #000000;\"><strong style=\"color: rgb(0, 0, 0); font-style: normal;\">20 de outubro: O Riso dos Outros<\/strong>\u00a0(51 min &#8211; sess\u00e3o \u00fanica)<br \/>\nA produ\u00e7\u00e3o fala sobre a\u00a0com\u00e9dia <em>stand-up<\/em>\u00a0e mostra diversos depoimentos e opini\u00f5es de\u00a0humoristas,\u00a0cartunistas\u00a0e ativistas\u00a0sobre os limites do humor, o politicamente correto e incorreto e os efeitos negativos e positivos que pode causar uma piada.<\/p>\n<p><strong style=\"color: rgb(0, 0, 0); font-style: normal;\">27 e 28 de outubro: O Sal da Terra<\/strong>\u00a0(110 min &#8211; duas sess\u00f5es)<br \/>\nO filme conta um pouco da longa trajet\u00f3ria do renomado fot\u00f3grafo brasileiro Sebasti\u00e3o Salgado e apresenta seu ambicioso projeto &#8220;G\u00eanesis&#8221;, expedi\u00e7\u00e3o que tem como objetivo registrar, a partir de imagens, civiliza\u00e7\u00f5es e regi\u00f5es do planeta at\u00e9 ent\u00e3o inexploradas.<\/p>\n<p><strong style=\"color: rgb(0, 0, 0); font-style: normal;\">03 e 04 de novembro: Junho\u00a0<\/strong>(72 min &#8211; duas sess\u00f5es)<br \/>\nO roteiro estava escrito e pronto para ser rodado: algumas das principais sele\u00e7\u00f5es desembarcariam no Brasil para estrelar a Copa das Confedera\u00e7\u00f5es, realizada em suntuosas arenas especialmente constru\u00eddas (ou reformadas) para apresentar tamanho espet\u00e1culo ao mundo. Entretanto, algo estava fora do script. Em diversas cidades do pa\u00eds, milhares iam \u00e0s ruas para protestar. Contra o aumento das tarifas do transporte p\u00fablico, contra os partidos, contra a FIFA, contra tudo. O sinal amarelo foi imediatamente ligado e, em certos momentos, o vermelho piscou. Algo acontecia, inesperado para quem protestava e tamb\u00e9m para quem era alvo dos protestos. O que fazer?<\/p>\n<p><strong style=\"color: rgb(0, 0, 0); font-style: normal;\">10 e 11 de novembro: Palavra Encantada<\/strong>\u00a0(86 min &#8211; duas sess\u00f5es)<br \/>\nUma viagem na hist\u00f3ria do cancioneiro brasileiro com um olhar especial para a rela\u00e7\u00e3o entre poesia e m\u00fasica. Dos poetas proven\u00e7ais ao rap, do carnaval de rua aos poetas do morro, da bossa nova ao tropicalismo, &#8220;Palavra Encantada&#8221; passeia pela m\u00fasica brasileira at\u00e9 os dias de hoje, costurando depoimentos de grandes nomes da nossa cultura, performances musicais e surpreendente pesquisa de imagens.<\/p>\n<p><strong style=\"color: rgb(0, 0, 0); font-style: normal;\">17 e 18 de novembro: Faminto por Mudan\u00e7a\u00a0(89 min &#8211; duas sess\u00f5es)<\/strong><br \/>\n<em>Hungry For Change<\/em> destaca a obesidade e os produtos diets ou <em>\u201clow fat\u201d,<\/em> que vendem o sonho de ser tornar magro, as armadilhas gen\u00e9ticas que caem as pessoas, a falta de \u00e9tica da ind\u00fastria aliment\u00edcia, que usa as mesmas t\u00e1ticas da ind\u00fastria do tabaco viciando os seres humanos desde a inf\u00e2ncia. (89 min)<\/p>\n<p><strong style=\"color: rgb(0, 0, 0); font-style: normal;\">24 e 25 de novembro: Lixo Extraordin\u00e1rio (99 min \u2013 duas sess\u00f5es)<\/strong><br \/>\nMostra a produ\u00e7\u00e3o de obras de arte com material coletado no aterro do Jardim Gramacho. Ao longo da produ\u00e7\u00e3o dessas obras, entre 2007 e 2009, transforma\u00e7\u00f5es se produzem na vida e nas\u00a0vis\u00f5es de mundo\u00a0dos sete catadores participantes do projeto &#8211; entre eles, Ti\u00e3o Santos, presidente da Associa\u00e7\u00e3o dos Catadores do Aterro Metropolitano do Jardim Gramacho.<\/p>\n<p>&nbsp;<\/p>\n<p>&nbsp;<\/p>\n<p>&nbsp;<\/p>\n<\/div>\n","protected":false},"excerpt":{"rendered":"<p>Essa semana teve in\u00edcio o projeto DocETEC. Este projeto tem por finalidade apresentar o formato document\u00e1rio aos alunos e fazer com que os mesmos criem repert\u00f3rio e tomem posicionamento sobre temas importantes. Ser\u00e3o\u00a06 semanas, sempre \u00e0s ter\u00e7as, \u00e0s 12h30, e quando o document\u00e1rio exceder os 60 minutos, a proje\u00e7\u00e3o continuar\u00e1 no dia seguinte. A seguir&nbsp;&hellip;<\/p>\n","protected":false},"author":1,"featured_media":0,"comment_status":"closed","ping_status":"open","sticky":false,"template":"","format":"standard","meta":[],"categories":[2],"tags":[],"_links":{"self":[{"href":"https:\/\/etecia.com.br\/index.php?rest_route=\/wp\/v2\/posts\/1116"}],"collection":[{"href":"https:\/\/etecia.com.br\/index.php?rest_route=\/wp\/v2\/posts"}],"about":[{"href":"https:\/\/etecia.com.br\/index.php?rest_route=\/wp\/v2\/types\/post"}],"author":[{"embeddable":true,"href":"https:\/\/etecia.com.br\/index.php?rest_route=\/wp\/v2\/users\/1"}],"replies":[{"embeddable":true,"href":"https:\/\/etecia.com.br\/index.php?rest_route=%2Fwp%2Fv2%2Fcomments&post=1116"}],"version-history":[{"count":0,"href":"https:\/\/etecia.com.br\/index.php?rest_route=\/wp\/v2\/posts\/1116\/revisions"}],"wp:attachment":[{"href":"https:\/\/etecia.com.br\/index.php?rest_route=%2Fwp%2Fv2%2Fmedia&parent=1116"}],"wp:term":[{"taxonomy":"category","embeddable":true,"href":"https:\/\/etecia.com.br\/index.php?rest_route=%2Fwp%2Fv2%2Fcategories&post=1116"},{"taxonomy":"post_tag","embeddable":true,"href":"https:\/\/etecia.com.br\/index.php?rest_route=%2Fwp%2Fv2%2Ftags&post=1116"}],"curies":[{"name":"wp","href":"https:\/\/api.w.org\/{rel}","templated":true}]}}