{"id":1101,"date":"2015-09-28T19:09:31","date_gmt":"2015-09-28T22:09:31","guid":{"rendered":"http:\/\/etecia.com.br\/portaletecia\/?p=1101"},"modified":"2015-09-28T19:09:31","modified_gmt":"2015-09-28T22:09:31","slug":"alunos-da-etec-irma-agostina-criam-revista-de-filosofia","status":"publish","type":"post","link":"https:\/\/etecia.com.br\/?p=1101","title":{"rendered":"Alunos da ETEC Irm\u00e3 Agostina criam Revista de Filosofia."},"content":{"rendered":"<p>A revista Poli\u00e9tica foi idealizada pelos alunos do 2o Ano do Ensino M\u00e9dio da ETEC Irm\u00e3 Agostina, com base na mat\u00e9ria de Filosofia e com o apoio do professor Fausto Henrique Lima, tem como intuito apresentar cinco temas relacionados \u00e0 \u00e9tica. Esses temas foram abordados e apresentados pelos pr\u00f3prios alunos (divididos em grupos). Logo, al\u00e9m de conhecer sobre os temas, voc\u00ea poder\u00e1 ter conhecimento sobre como esses foram apresentados em sala, qual foi a did\u00e1tica ou forma que o grupo escolheu para apresentar.<\/p>\n<p>Para ter acesso \u00e0 revista na \u00edntegra, clique na imagem a seguir.<\/p>\n<p><a href=\"http:\/\/etecia.com.br\/portaletecia\/wp-content\/uploads\/2015\/09\/revistafilosofia.pdf\" target=\"_blank\"><img loading=\"lazy\" class=\"alignleft wp-image-1103 size-medium\" src=\"http:\/\/etecia.com.br\/portaletecia\/wp-content\/uploads\/2015\/09\/caparevistaetica-226x300.jpg\" alt=\"caparevistaetica\" width=\"226\" height=\"300\" \/><\/a><\/p>\n","protected":false},"excerpt":{"rendered":"<p>A revista Poli\u00e9tica foi idealizada pelos alunos do 2o Ano do Ensino M\u00e9dio da ETEC Irm\u00e3 Agostina, com base na mat\u00e9ria de Filosofia e com o apoio do professor Fausto Henrique Lima, tem como intuito apresentar cinco temas relacionados \u00e0 \u00e9tica. Esses temas foram abordados e apresentados pelos pr\u00f3prios alunos (divididos em grupos). Logo, al\u00e9m&nbsp;&hellip;<\/p>\n","protected":false},"author":1,"featured_media":0,"comment_status":"closed","ping_status":"open","sticky":false,"template":"","format":"standard","meta":[],"categories":[2],"tags":[],"_links":{"self":[{"href":"https:\/\/etecia.com.br\/index.php?rest_route=\/wp\/v2\/posts\/1101"}],"collection":[{"href":"https:\/\/etecia.com.br\/index.php?rest_route=\/wp\/v2\/posts"}],"about":[{"href":"https:\/\/etecia.com.br\/index.php?rest_route=\/wp\/v2\/types\/post"}],"author":[{"embeddable":true,"href":"https:\/\/etecia.com.br\/index.php?rest_route=\/wp\/v2\/users\/1"}],"replies":[{"embeddable":true,"href":"https:\/\/etecia.com.br\/index.php?rest_route=%2Fwp%2Fv2%2Fcomments&post=1101"}],"version-history":[{"count":0,"href":"https:\/\/etecia.com.br\/index.php?rest_route=\/wp\/v2\/posts\/1101\/revisions"}],"wp:attachment":[{"href":"https:\/\/etecia.com.br\/index.php?rest_route=%2Fwp%2Fv2%2Fmedia&parent=1101"}],"wp:term":[{"taxonomy":"category","embeddable":true,"href":"https:\/\/etecia.com.br\/index.php?rest_route=%2Fwp%2Fv2%2Fcategories&post=1101"},{"taxonomy":"post_tag","embeddable":true,"href":"https:\/\/etecia.com.br\/index.php?rest_route=%2Fwp%2Fv2%2Ftags&post=1101"}],"curies":[{"name":"wp","href":"https:\/\/api.w.org\/{rel}","templated":true}]}}