{"id":1091,"date":"2015-08-27T14:55:52","date_gmt":"2015-08-27T17:55:52","guid":{"rendered":"http:\/\/etecia.com.br\/portaletecia\/?p=1091"},"modified":"2015-08-27T14:55:52","modified_gmt":"2015-08-27T17:55:52","slug":"resultado-do-processo-seletivo-00039622015","status":"publish","type":"post","link":"https:\/\/etecia.com.br\/?p=1091","title":{"rendered":"Resultado do Processo Seletivo 0003962\/2015."},"content":{"rendered":"<p><strong>\u00a0<\/strong><\/p>\n<p><strong>PROCESSO SELETIVO DE DOCENTES, NOS TERMOS DO COMUNICADO CEETEPS N\u00b0 1\/2009 E SUAS ALTERA\u00c7\u00d5ES.<\/strong><\/p>\n<p><strong>\u00a0<\/strong><\/p>\n<p><strong>AVISO N\u00b0 238\/03\/2015 de 06\/07\/2015. Processo n\u00b0 0003962\/2015.<\/strong><\/p>\n<p><strong>\u00a0<\/strong><\/p>\n<p><strong>AVISO DE RESULTADO DA AULA TESTE E CLASSIFICA\u00c7\u00c3O FINAL.<\/strong><\/p>\n<p>&nbsp;<\/p>\n<p>O Diretor de Escola T\u00e9cnica da ETEC IRM\u00c3 AGOSTINA, faz saber aos candidatos abaixo relacionados o resultado da AULA TESTE e CLASSIFICA\u00c7\u00c3O FINAL<\/p>\n<p>&nbsp;<\/p>\n<p><strong>Componente Curricular: 1. Educa\u00e7\u00e3o F\u00edsica (Base Nacional Comum \u2013 Ensino M\u00e9dio)\u00a0\u00a0\u00a0\u00a0\u00a0\u00a0\u00a0\u00a0\u00a0\u00a0\u00a0\u00a0\u00a0\u00a0\u00a0\u00a0\u00a0\u00a0\u00a0\u00a0\u00a0\u00a0\u00a0\u00a0\u00a0\u00a0\u00a0\u00a0\u00a0\u00a0 <\/strong><\/p>\n<p>Candidato (s) Aprovado (s)<\/p>\n<p>Licenciado (s)<\/p>\n<p>N\u00b0 de Inscri\u00e7\u00e3o\/ Nome\/ RG \/ Nota \/ Classifica\u00e7\u00e3o Final<\/p>\n<p>27\/ Ana Aparecida da Silva Gomes \/ 33.349.991-8\/ 86,66\/ 1\u00b0<\/p>\n<p>31\/ Mylady Dayane Melo\/ 7.094.826-PE\/ 86,33\/ 2\u00ba<\/p>\n<p>14\/ Cintia Oliveira Cola\u00e7o Severo\/29.157.632-1\/86,00\/3\u00ba<\/p>\n<p>01\/ Yochio Isobe\/7.183.280-4\/85,33\/4\u00ba<\/p>\n<p>02\/ Karina Sara Ribeiro Rodrigues\/41.323.233-5\/80,66\/5\u00ba<\/p>\n<p>26\/ Amanda Cec\u00edlia de Holanda Vicente\/42.856.504-9\/74,66\/6\u00ba<\/p>\n<p>Candidatos (s) N\u00e3o Aprovados (S)<\/p>\n<p>N\u00b0 de Inscri\u00e7\u00e3o\/ RG\/ Nota da Prova Did\u00e1tica<\/p>\n<p>05\/ 34.557.926-4\/ 41,00<\/p>\n<p>03\/ 37.130.809-4\/ 31,33<\/p>\n<p>19\/ 34.236.505-8\/ 20,66<\/p>\n<p>23\/ 49.415.277-1\/ 5,66<\/p>\n<p>18\/ 18.367.887-4\/ 2,66<\/p>\n<p>Candidato(s) Ausente(s)<\/p>\n<p>N\u00b0 de Inscri\u00e7\u00e3o\/ RG<\/p>\n<p>11\/ 24.831.188-6<\/p>\n<p>12\/ 32.064.664-6<\/p>\n<p>16\/ 22.819.904-9<\/p>\n<p>24\/ 32.825.248-7<\/p>\n<p>&nbsp;<\/p>\n<p>&nbsp;<\/p>\n<p>&nbsp;<\/p>\n<p>&nbsp;<\/p>\n<p>&nbsp;<\/p>\n<p>&nbsp;<\/p>\n<p>&nbsp;<\/p>\n<p>&nbsp;<\/p>\n<p>&nbsp;<\/p>\n<p>&nbsp;<\/p>\n<p>&nbsp;<\/p>\n<p><strong>Componente Curricular: 2. F\u00edsica (Base Nacional Comum \u2013 Ensino M\u00e9dio)\u00a0\u00a0\u00a0\u00a0\u00a0\u00a0\u00a0\u00a0\u00a0\u00a0\u00a0\u00a0\u00a0\u00a0\u00a0\u00a0\u00a0\u00a0\u00a0\u00a0\u00a0\u00a0\u00a0\u00a0\u00a0\u00a0\u00a0\u00a0\u00a0\u00a0 <\/strong><\/p>\n<p><strong>\u00a0<\/strong><\/p>\n<p>Candidato (s) Aprovado (s)<\/p>\n<p>Licenciado (s)<\/p>\n<p>N\u00b0 de Inscri\u00e7\u00e3o\/ Nome\/ RG \/ Nota \/ Classifica\u00e7\u00e3o Final<\/p>\n<p>15\/ Danila Farias Brito Ribeiro\/ 30.861.712-5\/100,00\/ 1\u00ba<\/p>\n<p>28\/ Walquiria Godoy\/47.375.309-1\/99,66\/2\u00ba<\/p>\n<p>29\/ Amauri Agostinho Ferreira\/50.163.654 -7\/3\u00ba<\/p>\n<p>&nbsp;<\/p>\n<p>Candidatos (s) N\u00e3o Aprovados (S)<\/p>\n<p>N\u00b0 de Inscri\u00e7\u00e3o\/ RG\/Nota da Prova Did\u00e1tica<\/p>\n<p>08\/ 15.277.765-9\/ 36,30<\/p>\n<p>09\/ 44.969.213-9\/ 6,80<\/p>\n<p>Candidato(s) Ausente(s)<\/p>\n<p>N\u00b0 de Inscri\u00e7\u00e3o\/ RG<\/p>\n<p>06\/ 23.320.733-8<\/p>\n<p>07\/ 27.671.167-1<\/p>\n<p>13\/ 28.562.660-7<\/p>\n<p>17\/ 28.241.018-1<\/p>\n<p>20\/ 13.528.935-X<\/p>\n<p>21\/ 29.615.097-6<\/p>\n<p>22\/ 1.956.037- ES<\/p>\n<p>30\/ 22.666.146-5<\/p>\n<p>&nbsp;<\/p>\n<p>&nbsp;<\/p>\n<p><strong>Componente Curricular: 3. L\u00edngua Estrangeira Moderna \u2013 Espanhol (Parte Diversificada \u2013 Ensino M\u00e9dio)<\/strong><\/p>\n<p>Candidato (s) Aprovado (s)<\/p>\n<p>Licenciado (s)<\/p>\n<p>N\u00b0 de Inscri\u00e7\u00e3o\/ Nome\/ RG \/ Nota \/ Classifica\u00e7\u00e3o Final<\/p>\n<p>10\/ Josie Gon\u00e7alves da Concei\u00e7\u00e3o\/ 43.382.374- 4\/ 72,60\/ 1\u00b0<\/p>\n<p>Candidato(s) Ausente(s)<\/p>\n<p>N\u00b0 de Inscri\u00e7\u00e3o\/ RG<\/p>\n<p>04\/ 20.379.664-0<\/p>\n<p>25\/ 40.282.792-2<\/p>\n<p>&nbsp;<\/p>\n","protected":false},"excerpt":{"rendered":"<p>\u00a0 PROCESSO SELETIVO DE DOCENTES, NOS TERMOS DO COMUNICADO CEETEPS N\u00b0 1\/2009 E SUAS ALTERA\u00c7\u00d5ES. \u00a0 AVISO N\u00b0 238\/03\/2015 de 06\/07\/2015. Processo n\u00b0 0003962\/2015. \u00a0 AVISO DE RESULTADO DA AULA TESTE E CLASSIFICA\u00c7\u00c3O FINAL. &nbsp; O Diretor de Escola T\u00e9cnica da ETEC IRM\u00c3 AGOSTINA, faz saber aos candidatos abaixo relacionados o resultado da AULA TESTE&nbsp;&hellip;<\/p>\n","protected":false},"author":1,"featured_media":0,"comment_status":"closed","ping_status":"open","sticky":false,"template":"","format":"standard","meta":[],"categories":[8,2],"tags":[],"_links":{"self":[{"href":"https:\/\/etecia.com.br\/index.php?rest_route=\/wp\/v2\/posts\/1091"}],"collection":[{"href":"https:\/\/etecia.com.br\/index.php?rest_route=\/wp\/v2\/posts"}],"about":[{"href":"https:\/\/etecia.com.br\/index.php?rest_route=\/wp\/v2\/types\/post"}],"author":[{"embeddable":true,"href":"https:\/\/etecia.com.br\/index.php?rest_route=\/wp\/v2\/users\/1"}],"replies":[{"embeddable":true,"href":"https:\/\/etecia.com.br\/index.php?rest_route=%2Fwp%2Fv2%2Fcomments&post=1091"}],"version-history":[{"count":0,"href":"https:\/\/etecia.com.br\/index.php?rest_route=\/wp\/v2\/posts\/1091\/revisions"}],"wp:attachment":[{"href":"https:\/\/etecia.com.br\/index.php?rest_route=%2Fwp%2Fv2%2Fmedia&parent=1091"}],"wp:term":[{"taxonomy":"category","embeddable":true,"href":"https:\/\/etecia.com.br\/index.php?rest_route=%2Fwp%2Fv2%2Fcategories&post=1091"},{"taxonomy":"post_tag","embeddable":true,"href":"https:\/\/etecia.com.br\/index.php?rest_route=%2Fwp%2Fv2%2Ftags&post=1091"}],"curies":[{"name":"wp","href":"https:\/\/api.w.org\/{rel}","templated":true}]}}